                                                                                                                                                                                                                                                                                                                                                                                                {"id":9704,"date":"2021-11-22T08:47:21","date_gmt":"2021-11-22T07:47:21","guid":{"rendered":"https:\/\/gruppobeltrame.com\/?p=9704"},"modified":"2021-11-24T09:47:04","modified_gmt":"2021-11-24T08:47:04","slug":"alain-creteur-ceo-von-stahl-gerlafingen-im-interview-mit-der-neuen-zurcher-zeitung","status":"publish","type":"post","link":"https:\/\/gruppobeltrame.com\/ro\/alain-creteur-ceo-von-stahl-gerlafingen-im-interview-mit-der-neuen-zurcher-zeitung\/","title":{"rendered":"Alain Creteur, CEO von STAHL GERLAFINGEN, im Interview mit der Neuen Z\u00fcrcher Zeitung"},"content":{"rendered":"<p class=\"qtranxs-available-languages-message qtranxs-available-languages-message-ro\">Din p\u0103cate acest articol este disponibil doar \u00een <a href=\"https:\/\/gruppobeltrame.com\/it\/wp-json\/wp\/v2\/posts\/9704\" class=\"qtranxs-available-language-link qtranxs-available-language-link-it\" title=\"IT\">Italian\u0103<\/a> \u0219i <a href=\"https:\/\/gruppobeltrame.com\/en\/wp-json\/wp\/v2\/posts\/9704\" class=\"qtranxs-available-language-link qtranxs-available-language-link-en\" title=\"EN\">Englez\u0103 American\u0103<\/a>. For the sake of viewer convenience, the content is shown below in this site default language. You may click one of the links to switch the site language to another available language.<\/p><p><br \/>\nEin interessanter und ausf\u00fchrlicher Artikel \u00fcber den aktuellen Schweizer #Stahlmarkt. Alain Creteur im Interview mit der Neuen Z\u00fcrcher Zeitung.<br \/>\nLesen Sie es hier: <a href=\"https:\/\/lnkd.in\/dH29iEeY\">https:\/\/lnkd.in\/dH29iEeY<\/a><\/p>","protected":false},"excerpt":{"rendered":"<p>Din p\u0103cate acest articol este disponibil doar \u00een Italian\u0103 \u0219i Englez\u0103 American\u0103. For the sake of viewer convenience, the content is shown below in this site default language. You may click one of the links to switch the site language to another available language. Ein interessanter und ausf\u00fchrlicher Artikel \u00fcber den aktuellen Schweizer #Stahlmarkt. Alain [&hellip;]<\/p>\n","protected":false},"author":180,"featured_media":9705,"comment_status":"open","ping_status":"open","sticky":false,"template":"","format":"standard","meta":[],"categories":[84],"tags":[],"_links":{"self":[{"href":"https:\/\/gruppobeltrame.com\/ro\/wp-json\/wp\/v2\/posts\/9704"}],"collection":[{"href":"https:\/\/gruppobeltrame.com\/ro\/wp-json\/wp\/v2\/posts"}],"about":[{"href":"https:\/\/gruppobeltrame.com\/ro\/wp-json\/wp\/v2\/types\/post"}],"author":[{"embeddable":true,"href":"https:\/\/gruppobeltrame.com\/ro\/wp-json\/wp\/v2\/users\/180"}],"replies":[{"embeddable":true,"href":"https:\/\/gruppobeltrame.com\/ro\/wp-json\/wp\/v2\/comments?post=9704"}],"version-history":[{"count":0,"href":"https:\/\/gruppobeltrame.com\/ro\/wp-json\/wp\/v2\/posts\/9704\/revisions"}],"wp:featuredmedia":[{"embeddable":true,"href":"https:\/\/gruppobeltrame.com\/ro\/wp-json\/wp\/v2\/media\/9705"}],"wp:attachment":[{"href":"https:\/\/gruppobeltrame.com\/ro\/wp-json\/wp\/v2\/media?parent=9704"}],"wp:term":[{"taxonomy":"category","embeddable":true,"href":"https:\/\/gruppobeltrame.com\/ro\/wp-json\/wp\/v2\/categories?post=9704"},{"taxonomy":"post_tag","embeddable":true,"href":"https:\/\/gruppobeltrame.com\/ro\/wp-json\/wp\/v2\/tags?post=9704"}],"curies":[{"name":"wp","href":"https:\/\/api.w.org\/{rel}","templated":true}]}}