                                                                                                                                                                                                                                                                                                                                                                                                {"id":8863,"date":"2021-08-06T11:37:59","date_gmt":"2021-08-06T09:37:59","guid":{"rendered":"https:\/\/gruppobeltrame.com\/?p=8863"},"modified":"2021-08-06T11:37:59","modified_gmt":"2021-08-06T09:37:59","slug":"miglioramento-continuo-di-afv-italia-durante-il-periodo-estivo","status":"publish","type":"post","link":"https:\/\/gruppobeltrame.com\/ro\/miglioramento-continuo-di-afv-italia-durante-il-periodo-estivo\/","title":{"rendered":"Miglioramento continuo di AFV Italia durante il periodo estivo"},"content":{"rendered":"<p class=\"qtranxs-available-languages-message qtranxs-available-languages-message-ro\">Din p\u0103cate acest articol este disponibil doar \u00een <a href=\"https:\/\/gruppobeltrame.com\/it\/wp-json\/wp\/v2\/posts\/8863\" class=\"qtranxs-available-language-link qtranxs-available-language-link-it\" title=\"IT\">Italian\u0103<\/a> \u0219i <a href=\"https:\/\/gruppobeltrame.com\/en\/wp-json\/wp\/v2\/posts\/8863\" class=\"qtranxs-available-language-link qtranxs-available-language-link-en\" title=\"EN\">Englez\u0103 American\u0103<\/a>. For the sake of viewer convenience, the content is shown below in this site default language. You may click one of the links to switch the site language to another available language.<\/p><p><br \/>\nIl periodo di fermata estiva \u00e8 il momento idoneo per concretizzare gli investimenti sulla produzione e per completare la loro installazione prima della ripresa produttiva prevista per la seconda met\u00e0 di Agosto.<\/p>\n<p>Tutte le attivit\u00e0 sono parte integrante di un processo di #miglioramentocontinuo di AFV Italia con focus su #sicurezza, #ambiente, #qualit\u00e0 ed affidabilit\u00e0 del processo.<\/p>\n<p>Tra le implementazioni tecniche pi\u00f9 significative:<br \/>\n&#8211; l\u2019implementazione del tonnellaggio di carico per ogni braccio della Torretta gira siviere CC1;<br \/>\n&#8211; il rifacimento completo (carpenteria metallica e rivestimento refrattario) della camera delle polveri primarie del forno elettrico tramite utilizzo di una tecnologia innovativa;<br \/>\n&#8211; il montaggio e messa a punto della placca di raffreddamento del laminatoio Pomini con implementazione delle perfomances tecnico-qualitative dell\u2019impianto, soprattutto per la produzione di prodotti laminati complessi;<br \/>\n&#8211; il revamping con modifica del piping relativo alla tubazione di aspirazione fumi provenienti dall\u2019impianto di metallurgia in siviera e dai riscaldatori siviera.<\/p>\n<p>A San Didero (TO) si effettuer\u00e0 l\u2019installazione di due legatrici fasci per laminatoio Pomini e il potenziamento del raccordo ferroviario per un utilizzo sempre maggiore del trasporto via rotaia.<\/p>\n<p>A San Giovanni Valdarno (AR) prossimamente invece si effettuer\u00e0 il revamping completo di tutta la parte elettrica della zona raddrizzatrice profili fino all\u2019ingresso dell\u2019impaccatore.<\/p>\n<p>","protected":false},"excerpt":{"rendered":"<p>Din p\u0103cate acest articol este disponibil doar \u00een Italian\u0103 \u0219i Englez\u0103 American\u0103. For the sake of viewer convenience, the content is shown below in this site default language. You may click one of the links to switch the site language to another available language. Il periodo di fermata estiva \u00e8 il momento idoneo per concretizzare [&hellip;]<\/p>\n","protected":false},"author":180,"featured_media":8864,"comment_status":"open","ping_status":"open","sticky":false,"template":"","format":"standard","meta":[],"categories":[1],"tags":[],"_links":{"self":[{"href":"https:\/\/gruppobeltrame.com\/ro\/wp-json\/wp\/v2\/posts\/8863"}],"collection":[{"href":"https:\/\/gruppobeltrame.com\/ro\/wp-json\/wp\/v2\/posts"}],"about":[{"href":"https:\/\/gruppobeltrame.com\/ro\/wp-json\/wp\/v2\/types\/post"}],"author":[{"embeddable":true,"href":"https:\/\/gruppobeltrame.com\/ro\/wp-json\/wp\/v2\/users\/180"}],"replies":[{"embeddable":true,"href":"https:\/\/gruppobeltrame.com\/ro\/wp-json\/wp\/v2\/comments?post=8863"}],"version-history":[{"count":0,"href":"https:\/\/gruppobeltrame.com\/ro\/wp-json\/wp\/v2\/posts\/8863\/revisions"}],"wp:featuredmedia":[{"embeddable":true,"href":"https:\/\/gruppobeltrame.com\/ro\/wp-json\/wp\/v2\/media\/8864"}],"wp:attachment":[{"href":"https:\/\/gruppobeltrame.com\/ro\/wp-json\/wp\/v2\/media?parent=8863"}],"wp:term":[{"taxonomy":"category","embeddable":true,"href":"https:\/\/gruppobeltrame.com\/ro\/wp-json\/wp\/v2\/categories?post=8863"},{"taxonomy":"post_tag","embeddable":true,"href":"https:\/\/gruppobeltrame.com\/ro\/wp-json\/wp\/v2\/tags?post=8863"}],"curies":[{"name":"wp","href":"https:\/\/api.w.org\/{rel}","templated":true}]}}