                                                                                                                                                                                                                                                                                                                                                                                                {"id":632,"date":"2017-05-15T10:04:49","date_gmt":"2017-05-15T08:04:49","guid":{"rendered":"https:\/\/gruppobeltrame.com\/?p=632"},"modified":"2017-06-22T12:06:45","modified_gmt":"2017-06-22T10:06:45","slug":"made-in-steel-2017","status":"publish","type":"post","link":"https:\/\/gruppobeltrame.com\/ro\/made-in-steel-2017\/","title":{"rendered":"MADE IN STEEL 2017"},"content":{"rendered":"<p class=\"qtranxs-available-languages-message qtranxs-available-languages-message-ro\">Din p\u0103cate acest articol este disponibil doar \u00een <a href=\"https:\/\/gruppobeltrame.com\/it\/wp-json\/wp\/v2\/posts\/632\" class=\"qtranxs-available-language-link qtranxs-available-language-link-it\" title=\"IT\">Italian\u0103<\/a> \u0219i <a href=\"https:\/\/gruppobeltrame.com\/en\/wp-json\/wp\/v2\/posts\/632\" class=\"qtranxs-available-language-link qtranxs-available-language-link-en\" title=\"EN\">Englez\u0103 American\u0103<\/a>. For the sake of viewer convenience, the content is shown below in this site default language. You may click one of the links to switch the site language to another available language.<\/p><p>\u00c8 il luogo fisico dove l\u2019intera filiera dell\u2019acciaio ogni due anni si ritrova per creare occasioni di business, prendere nuovi contatti, chiudere contratti. Ma \u00e8 anche la piazza dove discutere delle tendenze emergenti nel mondo siderurgico, parlare di innovazione, capire che strada prendere. Questa energia vitale \u00e8 Made in Steel, fiera che inizia oggi (e fino al 19 Maggio) a FieraMilano, Rho. AFV Beltrame Group vi aspetta allo Stand C05 &#8211; Padiglione 22 con molte novit\u00e0. Come to visit us!<br \/>\n<a href=\"http:\/\/www.madeinsteel.it\" target=\"_blank\" rel=\"noopener noreferrer\">www.madeinsteel.it<\/a><\/p>","protected":false},"excerpt":{"rendered":"<p>Din p\u0103cate acest articol este disponibil doar \u00een Italian\u0103 \u0219i Englez\u0103 American\u0103. For the sake of viewer convenience, the content is shown below in this site default language. You may click one of the links to switch the site language to another available language.\u00c8 il luogo fisico dove l\u2019intera filiera dell\u2019acciaio ogni due anni si [&hellip;]<\/p>\n","protected":false},"author":180,"featured_media":638,"comment_status":"open","ping_status":"open","sticky":true,"template":"","format":"standard","meta":[],"categories":[1],"tags":[],"_links":{"self":[{"href":"https:\/\/gruppobeltrame.com\/ro\/wp-json\/wp\/v2\/posts\/632"}],"collection":[{"href":"https:\/\/gruppobeltrame.com\/ro\/wp-json\/wp\/v2\/posts"}],"about":[{"href":"https:\/\/gruppobeltrame.com\/ro\/wp-json\/wp\/v2\/types\/post"}],"author":[{"embeddable":true,"href":"https:\/\/gruppobeltrame.com\/ro\/wp-json\/wp\/v2\/users\/180"}],"replies":[{"embeddable":true,"href":"https:\/\/gruppobeltrame.com\/ro\/wp-json\/wp\/v2\/comments?post=632"}],"version-history":[{"count":0,"href":"https:\/\/gruppobeltrame.com\/ro\/wp-json\/wp\/v2\/posts\/632\/revisions"}],"wp:featuredmedia":[{"embeddable":true,"href":"https:\/\/gruppobeltrame.com\/ro\/wp-json\/wp\/v2\/media\/638"}],"wp:attachment":[{"href":"https:\/\/gruppobeltrame.com\/ro\/wp-json\/wp\/v2\/media?parent=632"}],"wp:term":[{"taxonomy":"category","embeddable":true,"href":"https:\/\/gruppobeltrame.com\/ro\/wp-json\/wp\/v2\/categories?post=632"},{"taxonomy":"post_tag","embeddable":true,"href":"https:\/\/gruppobeltrame.com\/ro\/wp-json\/wp\/v2\/tags?post=632"}],"curies":[{"name":"wp","href":"https:\/\/api.w.org\/{rel}","templated":true}]}}