                                                                                                                                                                                                                                                                                                                                                                                                {"id":25194,"date":"2024-09-30T10:53:05","date_gmt":"2024-09-30T08:53:05","guid":{"rendered":"https:\/\/gruppobeltrame.com\/?p=25194"},"modified":"2024-10-03T10:55:24","modified_gmt":"2024-10-03T08:55:24","slug":"25194-2","status":"publish","type":"post","link":"https:\/\/gruppobeltrame.com\/ro\/25194-2\/","title":{"rendered":""},"content":{"rendered":"<p class=\"qtranxs-available-languages-message qtranxs-available-languages-message-ro\">Din p\u0103cate acest articol este disponibil doar \u00een <a href=\"https:\/\/gruppobeltrame.com\/it\/wp-json\/wp\/v2\/posts\/25194\" class=\"qtranxs-available-language-link qtranxs-available-language-link-it\" title=\"IT\">Italian\u0103<\/a> \u0219i <a href=\"https:\/\/gruppobeltrame.com\/en\/wp-json\/wp\/v2\/posts\/25194\" class=\"qtranxs-available-language-link qtranxs-available-language-link-en\" title=\"EN\">Englez\u0103 American\u0103<\/a>. For the sake of viewer convenience, the content is shown below in this site default language. You may click one of the links to switch the site language to another available language.<\/p><p><\/p>\n<p>Sono molte le sfide che attendono la siderurgia italiana ed europea,<br \/>\nche nel frattempo deve gestire la transizione verso i target di decarbonizzazione 2030 e 2050.<\/p>\n<p>Enrico Fornelli, Group CCO intervistato da Federico Piazza, racconta come AFV Beltrame Group sta affrontando il mercato e con quali progetti ed investimenti.<\/p>\n<p>Leggi qui l&#8217;articolo completo: <a href=\"https:\/\/nordesteconomia.gelocal.it\/economia\/2024\/09\/30\/news\/siderurgia_linee_produttive_nuovi_mercati-14676287\/?ref=NEEC-M4-S1-T1\">https:\/\/nordesteconomia.gelocal.it\/economia\/2024\/09\/30\/news\/siderurgia_linee_produttive_nuovi_mercati-14676287\/?ref=NEEC-M4-S1-T1<\/a><\/p>\n<p>","protected":false},"excerpt":{"rendered":"<p>Din p\u0103cate acest articol este disponibil doar \u00een Italian\u0103 \u0219i Englez\u0103 American\u0103. For the sake of viewer convenience, the content is shown below in this site default language. You may click one of the links to switch the site language to another available language. Sono molte le sfide che attendono la siderurgia italiana ed europea, [&hellip;]<\/p>\n","protected":false},"author":180,"featured_media":25195,"comment_status":"closed","ping_status":"closed","sticky":false,"template":"","format":"standard","meta":[],"categories":[1],"tags":[],"_links":{"self":[{"href":"https:\/\/gruppobeltrame.com\/ro\/wp-json\/wp\/v2\/posts\/25194"}],"collection":[{"href":"https:\/\/gruppobeltrame.com\/ro\/wp-json\/wp\/v2\/posts"}],"about":[{"href":"https:\/\/gruppobeltrame.com\/ro\/wp-json\/wp\/v2\/types\/post"}],"author":[{"embeddable":true,"href":"https:\/\/gruppobeltrame.com\/ro\/wp-json\/wp\/v2\/users\/180"}],"replies":[{"embeddable":true,"href":"https:\/\/gruppobeltrame.com\/ro\/wp-json\/wp\/v2\/comments?post=25194"}],"version-history":[{"count":1,"href":"https:\/\/gruppobeltrame.com\/ro\/wp-json\/wp\/v2\/posts\/25194\/revisions"}],"predecessor-version":[{"id":25196,"href":"https:\/\/gruppobeltrame.com\/ro\/wp-json\/wp\/v2\/posts\/25194\/revisions\/25196"}],"wp:featuredmedia":[{"embeddable":true,"href":"https:\/\/gruppobeltrame.com\/ro\/wp-json\/wp\/v2\/media\/25195"}],"wp:attachment":[{"href":"https:\/\/gruppobeltrame.com\/ro\/wp-json\/wp\/v2\/media?parent=25194"}],"wp:term":[{"taxonomy":"category","embeddable":true,"href":"https:\/\/gruppobeltrame.com\/ro\/wp-json\/wp\/v2\/categories?post=25194"},{"taxonomy":"post_tag","embeddable":true,"href":"https:\/\/gruppobeltrame.com\/ro\/wp-json\/wp\/v2\/tags?post=25194"}],"curies":[{"name":"wp","href":"https:\/\/api.w.org\/{rel}","templated":true}]}}