                                                                                                                                                                                                                                                                                                                                                                                                {"id":21068,"date":"2024-01-12T14:04:34","date_gmt":"2024-01-12T13:04:34","guid":{"rendered":"https:\/\/gruppobeltrame.com\/?p=21068"},"modified":"2024-01-12T14:04:34","modified_gmt":"2024-01-12T13:04:34","slug":"primo-impianto-fotovoltaico-italiano-nello-stabilimento-di-sgv","status":"publish","type":"post","link":"https:\/\/gruppobeltrame.com\/ro\/primo-impianto-fotovoltaico-italiano-nello-stabilimento-di-sgv\/","title":{"rendered":"Primo impianto fotovoltaico italiano nello stabilimento di SGV"},"content":{"rendered":"<p class=\"qtranxs-available-languages-message qtranxs-available-languages-message-ro\">Din p\u0103cate acest articol este disponibil doar \u00een <a href=\"https:\/\/gruppobeltrame.com\/it\/wp-json\/wp\/v2\/posts\/21068\" class=\"qtranxs-available-language-link qtranxs-available-language-link-it\" title=\"IT\">Italian\u0103<\/a> \u0219i <a href=\"https:\/\/gruppobeltrame.com\/en\/wp-json\/wp\/v2\/posts\/21068\" class=\"qtranxs-available-language-link qtranxs-available-language-link-en\" title=\"EN\">Englez\u0103 American\u0103<\/a>. For the sake of viewer convenience, the content is shown below in this site default language. You may click one of the links to switch the site language to another available language.<\/p><p> Da inizio Gennaio, sui tetti del nostro plant di San Giovanni Valdarno (AR), \u00e8 attivo il primo impianto fotovoltaico dei nostri stabilimenti italiani, destinato all&#8217;autoconsumo, con potenza da 1,6 MW che coprir\u00e0 circa il 20% del fabbisogno elettrico del sito produttivo.<\/p>\n<p>Un ulteriore, concreto, passo del nostro percorso di #decarbonizzazione, per una produzione di #acciaio sempre pi\u00f9 sostenibile.<\/p>\n<p>","protected":false},"excerpt":{"rendered":"<p>Din p\u0103cate acest articol este disponibil doar \u00een Italian\u0103 \u0219i Englez\u0103 American\u0103. For the sake of viewer convenience, the content is shown below in this site default language. You may click one of the links to switch the site language to another available language. Da inizio Gennaio, sui tetti del nostro plant di San Giovanni [&hellip;]<\/p>\n","protected":false},"author":180,"featured_media":21041,"comment_status":"open","ping_status":"open","sticky":false,"template":"","format":"standard","meta":[],"categories":[1],"tags":[],"_links":{"self":[{"href":"https:\/\/gruppobeltrame.com\/ro\/wp-json\/wp\/v2\/posts\/21068"}],"collection":[{"href":"https:\/\/gruppobeltrame.com\/ro\/wp-json\/wp\/v2\/posts"}],"about":[{"href":"https:\/\/gruppobeltrame.com\/ro\/wp-json\/wp\/v2\/types\/post"}],"author":[{"embeddable":true,"href":"https:\/\/gruppobeltrame.com\/ro\/wp-json\/wp\/v2\/users\/180"}],"replies":[{"embeddable":true,"href":"https:\/\/gruppobeltrame.com\/ro\/wp-json\/wp\/v2\/comments?post=21068"}],"version-history":[{"count":1,"href":"https:\/\/gruppobeltrame.com\/ro\/wp-json\/wp\/v2\/posts\/21068\/revisions"}],"predecessor-version":[{"id":21069,"href":"https:\/\/gruppobeltrame.com\/ro\/wp-json\/wp\/v2\/posts\/21068\/revisions\/21069"}],"wp:featuredmedia":[{"embeddable":true,"href":"https:\/\/gruppobeltrame.com\/ro\/wp-json\/wp\/v2\/media\/21041"}],"wp:attachment":[{"href":"https:\/\/gruppobeltrame.com\/ro\/wp-json\/wp\/v2\/media?parent=21068"}],"wp:term":[{"taxonomy":"category","embeddable":true,"href":"https:\/\/gruppobeltrame.com\/ro\/wp-json\/wp\/v2\/categories?post=21068"},{"taxonomy":"post_tag","embeddable":true,"href":"https:\/\/gruppobeltrame.com\/ro\/wp-json\/wp\/v2\/tags?post=21068"}],"curies":[{"name":"wp","href":"https:\/\/api.w.org\/{rel}","templated":true}]}}