                                                                                                                                                                                                                                                                                                                                                                                                {"id":20742,"date":"2023-12-15T11:09:52","date_gmt":"2023-12-15T10:09:52","guid":{"rendered":"https:\/\/gruppobeltrame.com\/?p=20742"},"modified":"2023-12-18T11:15:56","modified_gmt":"2023-12-18T10:15:56","slug":"percorsi-di-decarbonizzazione-strategie-e-approfondimenti-per-il-2023-il-nuovo-report","status":"publish","type":"post","link":"https:\/\/gruppobeltrame.com\/ro\/percorsi-di-decarbonizzazione-strategie-e-approfondimenti-per-il-2023-il-nuovo-report\/","title":{"rendered":"&#8222;Percorsi di decarbonizzazione: strategie e approfondimenti per il 2023&#8221; il nuovo report"},"content":{"rendered":"<p class=\"qtranxs-available-languages-message qtranxs-available-languages-message-ro\">Din p\u0103cate acest articol este disponibil doar \u00een <a href=\"https:\/\/gruppobeltrame.com\/it\/wp-json\/wp\/v2\/posts\/20742\" class=\"qtranxs-available-language-link qtranxs-available-language-link-it\" title=\"IT\">Italian\u0103<\/a> \u0219i <a href=\"https:\/\/gruppobeltrame.com\/en\/wp-json\/wp\/v2\/posts\/20742\" class=\"qtranxs-available-language-link qtranxs-available-language-link-en\" title=\"EN\">Englez\u0103 American\u0103<\/a>. For the sake of viewer convenience, the content is shown below in this site default language. You may click one of the links to switch the site language to another available language.<\/p><p> La necessit\u00e0 di accelerare la decarbonizzazione e di realizzare una crescita sostenibile per raggiungere gli obiettivi globali di riduzione delle emissioni di CO2 \u00e8 per noi una priorit\u00e0.<\/p>\n<p>Un&#8217;industria dell&#8217;acciaio a bassa impronta di carbonio richiede sforzi condivisi, una pi\u00f9 stretta collaborazione con i partner, chiarezza di visione e strategia.<\/p>\n<p>Scoprite come abbiamo affrontato tutti questi passaggi e cosa abbiamo pianificato per perseguire i difficili obiettivi di sostenibilit\u00e0 che tutti dobbiamo affrontare.<\/p>\n<p><a href=\"https:\/\/gruppobeltrame.com\/chalibria\/lidea\/\">Scaricate qui il nuovo report<\/a>: &#8222;Percorsi di decarbonizzazione: strategie e approfondimenti per il 2023&#8221;.<\/p>\n<p>","protected":false},"excerpt":{"rendered":"<p>Din p\u0103cate acest articol este disponibil doar \u00een Italian\u0103 \u0219i Englez\u0103 American\u0103. For the sake of viewer convenience, the content is shown below in this site default language. You may click one of the links to switch the site language to another available language. La necessit\u00e0 di accelerare la decarbonizzazione e di realizzare una crescita [&hellip;]<\/p>\n","protected":false},"author":180,"featured_media":20743,"comment_status":"open","ping_status":"open","sticky":false,"template":"","format":"standard","meta":[],"categories":[1],"tags":[],"_links":{"self":[{"href":"https:\/\/gruppobeltrame.com\/ro\/wp-json\/wp\/v2\/posts\/20742"}],"collection":[{"href":"https:\/\/gruppobeltrame.com\/ro\/wp-json\/wp\/v2\/posts"}],"about":[{"href":"https:\/\/gruppobeltrame.com\/ro\/wp-json\/wp\/v2\/types\/post"}],"author":[{"embeddable":true,"href":"https:\/\/gruppobeltrame.com\/ro\/wp-json\/wp\/v2\/users\/180"}],"replies":[{"embeddable":true,"href":"https:\/\/gruppobeltrame.com\/ro\/wp-json\/wp\/v2\/comments?post=20742"}],"version-history":[{"count":3,"href":"https:\/\/gruppobeltrame.com\/ro\/wp-json\/wp\/v2\/posts\/20742\/revisions"}],"predecessor-version":[{"id":20745,"href":"https:\/\/gruppobeltrame.com\/ro\/wp-json\/wp\/v2\/posts\/20742\/revisions\/20745"}],"wp:featuredmedia":[{"embeddable":true,"href":"https:\/\/gruppobeltrame.com\/ro\/wp-json\/wp\/v2\/media\/20743"}],"wp:attachment":[{"href":"https:\/\/gruppobeltrame.com\/ro\/wp-json\/wp\/v2\/media?parent=20742"}],"wp:term":[{"taxonomy":"category","embeddable":true,"href":"https:\/\/gruppobeltrame.com\/ro\/wp-json\/wp\/v2\/categories?post=20742"},{"taxonomy":"post_tag","embeddable":true,"href":"https:\/\/gruppobeltrame.com\/ro\/wp-json\/wp\/v2\/tags?post=20742"}],"curies":[{"name":"wp","href":"https:\/\/api.w.org\/{rel}","templated":true}]}}