                                                                                                                                                                                                                                                                                                                                                                                                {"id":18896,"date":"2023-09-21T12:36:06","date_gmt":"2023-09-21T10:36:06","guid":{"rendered":"https:\/\/gruppobeltrame.com\/?p=18896"},"modified":"2023-09-21T12:36:06","modified_gmt":"2023-09-21T10:36:06","slug":"imprese-da-donne-intervista-inaugurata-da-barbara-beltrame","status":"publish","type":"post","link":"https:\/\/gruppobeltrame.com\/ro\/imprese-da-donne-intervista-inaugurata-da-barbara-beltrame\/","title":{"rendered":"Imprese da Donne: intervista inaugurata da Barbara Beltrame"},"content":{"rendered":"<p class=\"qtranxs-available-languages-message qtranxs-available-languages-message-ro\">Din p\u0103cate acest articol este disponibil doar \u00een <a href=\"https:\/\/gruppobeltrame.com\/it\/wp-json\/wp\/v2\/posts\/18896\" class=\"qtranxs-available-language-link qtranxs-available-language-link-it\" title=\"IT\">Italian\u0103<\/a> \u0219i <a href=\"https:\/\/gruppobeltrame.com\/en\/wp-json\/wp\/v2\/posts\/18896\" class=\"qtranxs-available-language-link qtranxs-available-language-link-en\" title=\"EN\">Englez\u0103 American\u0103<\/a>. For the sake of viewer convenience, the content is shown below in this site default language. You may click one of the links to switch the site language to another available language.<\/p><p> \u00c8 la \u201cnostra\u201d <a href=\"https:\/\/www.linkedin.com\/in\/ACoAAABJqBUBznmx1tcQR9xcBat4fWe2jnjq0l8?lipi=urn%3Ali%3Apage%3Acompanies_company_posts_index%3Beae1c9ce-3428-4b04-90f7-1c1935797705\">Barbara Beltrame Giacomello<\/a> ad inaugurare la rubrica di <a href=\"https:\/\/www.linkedin.com\/in\/ACoAAA71uKIBZCCK-sWZxOgOpZ-WtD_BGEKSMxo?lipi=urn%3Ali%3Apage%3Acompanies_company_posts_index%3Beae1c9ce-3428-4b04-90f7-1c1935797705\">Silvia Spillere<\/a> \u201cImprese da Donne\u201d. Un\u2019intervista che ripercorre le tappe principali della sua carriera e i punti salienti del suo impegno in Confindustria.<\/p>\n<p><a href=\"https:\/\/www.linkedin.com\/pulse\/impresadadonne-intervista-barbara-beltrame-silvia-spillere\/?trackingId=h7l7%2FYzzQ3AKCAoF0tnxLw%3D%3D\">Buona lettura!<\/a><\/p>\n<p>","protected":false},"excerpt":{"rendered":"<p>Din p\u0103cate acest articol este disponibil doar \u00een Italian\u0103 \u0219i Englez\u0103 American\u0103. For the sake of viewer convenience, the content is shown below in this site default language. You may click one of the links to switch the site language to another available language. \u00c8 la \u201cnostra\u201d Barbara Beltrame Giacomello ad inaugurare la rubrica di [&hellip;]<\/p>\n","protected":false},"author":180,"featured_media":18898,"comment_status":"open","ping_status":"open","sticky":false,"template":"","format":"standard","meta":[],"categories":[1],"tags":[],"_links":{"self":[{"href":"https:\/\/gruppobeltrame.com\/ro\/wp-json\/wp\/v2\/posts\/18896"}],"collection":[{"href":"https:\/\/gruppobeltrame.com\/ro\/wp-json\/wp\/v2\/posts"}],"about":[{"href":"https:\/\/gruppobeltrame.com\/ro\/wp-json\/wp\/v2\/types\/post"}],"author":[{"embeddable":true,"href":"https:\/\/gruppobeltrame.com\/ro\/wp-json\/wp\/v2\/users\/180"}],"replies":[{"embeddable":true,"href":"https:\/\/gruppobeltrame.com\/ro\/wp-json\/wp\/v2\/comments?post=18896"}],"version-history":[{"count":1,"href":"https:\/\/gruppobeltrame.com\/ro\/wp-json\/wp\/v2\/posts\/18896\/revisions"}],"predecessor-version":[{"id":18899,"href":"https:\/\/gruppobeltrame.com\/ro\/wp-json\/wp\/v2\/posts\/18896\/revisions\/18899"}],"wp:featuredmedia":[{"embeddable":true,"href":"https:\/\/gruppobeltrame.com\/ro\/wp-json\/wp\/v2\/media\/18898"}],"wp:attachment":[{"href":"https:\/\/gruppobeltrame.com\/ro\/wp-json\/wp\/v2\/media?parent=18896"}],"wp:term":[{"taxonomy":"category","embeddable":true,"href":"https:\/\/gruppobeltrame.com\/ro\/wp-json\/wp\/v2\/categories?post=18896"},{"taxonomy":"post_tag","embeddable":true,"href":"https:\/\/gruppobeltrame.com\/ro\/wp-json\/wp\/v2\/tags?post=18896"}],"curies":[{"name":"wp","href":"https:\/\/api.w.org\/{rel}","templated":true}]}}