                                                                                                                                                                                                                                                                                                                                                                                                {"id":17822,"date":"2023-07-04T12:57:14","date_gmt":"2023-07-04T10:57:14","guid":{"rendered":"https:\/\/gruppobeltrame.com\/?p=17822"},"modified":"2023-07-04T14:13:15","modified_gmt":"2023-07-04T12:13:15","slug":"angiola-monica-beltrame-passa-lincarico-di-vicepresidente-alla-figlia-barbara-dopo-quasi-cinquantanni-di-lavoro","status":"publish","type":"post","link":"https:\/\/gruppobeltrame.com\/ro\/angiola-monica-beltrame-passa-lincarico-di-vicepresidente-alla-figlia-barbara-dopo-quasi-cinquantanni-di-lavoro\/","title":{"rendered":"Angiola Monica Beltrame passa l\u2019incarico di Vicepresidente alla figlia Barbara dopo quasi cinquant\u2019anni di lavoro"},"content":{"rendered":"<p class=\"qtranxs-available-languages-message qtranxs-available-languages-message-ro\">Din p\u0103cate acest articol este disponibil doar \u00een <a href=\"https:\/\/gruppobeltrame.com\/it\/wp-json\/wp\/v2\/posts\/17822\" class=\"qtranxs-available-language-link qtranxs-available-language-link-it\" title=\"IT\">Italian\u0103<\/a> \u0219i <a href=\"https:\/\/gruppobeltrame.com\/en\/wp-json\/wp\/v2\/posts\/17822\" class=\"qtranxs-available-language-link qtranxs-available-language-link-en\" title=\"EN\">Englez\u0103 American\u0103<\/a>. For the sake of viewer convenience, the content is shown below in this site default language. You may click one of the links to switch the site language to another available language.<\/p><p> <a href=\"https:\/\/www.linkedin.com\/in\/ACoAAABJqBUBznmx1tcQR9xcBat4fWe2jnjq0l8?lipi=urn%3Ali%3Apage%3Acompanies_company_posts_index%3B87ced44d-1329-458e-af1d-b1000345eea7\">Barbara Beltrame Giacomello<\/a> assume la carica di Vicepresidente di AFV Beltrame Group subentrando nell\u2019incarico alla mamma, l\u2019imprenditrice vicentina <a href=\"https:\/\/www.linkedin.com\/in\/ACoAABpj-OMBQxrohB2G06w2OS_bF3Ng0GucbCs?lipi=urn%3Ali%3Apage%3Acompanies_company_posts_index%3B87ced44d-1329-458e-af1d-b1000345eea7\">Angiola Monica Beltrame<\/a>. La nomina \u00e8 stata comunicata in occasione del Consiglio di Amministrazione della scorsa settimana.<\/p>\n<p><em>\u201cSono orgogliosa di questo passaggio di testimone perch\u00e9 non si tratta di un avvicendamento di cariche scontato per appartenenza famigliare. \u00c8 una successione di competenze e di professionalit\u00e0. \u00c8 un segnale forte che il gruppo Beltrame d\u00e0 ai suoi dipendenti, al mercato, al settore, un segno di continuit\u00e0 e di impegno, di #solidit\u00e0, di #innovazione e di #futuro <\/em> &#8211; ha commentato l\u2019imprenditrice Angiola Monica Beltrame &#8211; <em>Barbara \u00e8 una donna preparata, impegnata, che dar\u00e0 nuovo slancio all\u2019azienda con un contributo di visione e modernit\u00e0, con un nuovo approccio alle relazioni sia aziendali che umane, diretto, dinamico, internazionale\u201d.<\/em> <\/p>\n<p>Angiola Monica Beltrame \u00e8 entrata nell\u2019azienda di famiglia nel 1975, per poi assumere la direzione dell\u2019ufficio acquisti materie prime e successivamente diventare consigliere delegato e vicepresidente nel 2020.  il 31 maggio 2021 \u00e8 stata insignita dell&#8217;onorificenza di Cavaliere del Lavoro, dal Presidente della Repubblica Mattarella.<\/p>\n<p><em>\u201cAccolgo il nuovo incarico con senso di responsabilit\u00e0 e riconoscenza nei confronti del Consiglio di Amministrazione di AFV Beltrame Group, di tutte le persone che ogni giorno dedicano il loro lavoro al successo del gruppo, e non ultimo alla mia famiglia. Ringrazio per la fiducia e assicuro che le esperienze maturate in questi anni di impegno in azienda e nella rappresentanza imprenditoriale, saranno utilizzate al meglio per dare un contributo fattivo. Un grazie sentito a mia madre, una donna che ho sempre saputo essere eccezionale, che mi ha preceduto in questo incarico ma soprattutto mi \u00e8 stata di esempio per la dedizione, la tenacia, le capacit\u00e0 con le quali svolge da tanti anni il suo ruolo di imprenditrice, di donna impegnata e di mamma\u201d<\/em> ha affermato Barbara Beltrame, neo vicepresidente di AFV Beltrame Group, gi\u00e0 vicepresidente di Confindustria con delega all&#8217;internazionalizzazione e Group Chief Marketing &#038; Communications Officer di Beltrame.<\/p>\n<p>In quasi cinquant\u2019anni di lavoro in azienda, Angiola Monica Beltrame ha sempre operato con passione e responsabilit\u00e0, sempre aperta alle sfide e alle innovazioni del settore, e a lei il ringraziamento di tutto il Gruppo.<\/p>\n<p><a href=\"https:\/\/www.linkedin.com\/posts\/barbarabeltramegiacomello_madre-vicepresidente-afv-activity-7081946189310365696-Gnrl?utm_source=share&#038;utm_medium=member_desktop\">Maggiori dettagli qui.<\/a><\/p>\n<p>","protected":false},"excerpt":{"rendered":"<p>Din p\u0103cate acest articol este disponibil doar \u00een Italian\u0103 \u0219i Englez\u0103 American\u0103. For the sake of viewer convenience, the content is shown below in this site default language. You may click one of the links to switch the site language to another available language. Barbara Beltrame Giacomello assume la carica di Vicepresidente di AFV Beltrame [&hellip;]<\/p>\n","protected":false},"author":180,"featured_media":17823,"comment_status":"open","ping_status":"open","sticky":false,"template":"","format":"standard","meta":[],"categories":[1],"tags":[],"_links":{"self":[{"href":"https:\/\/gruppobeltrame.com\/ro\/wp-json\/wp\/v2\/posts\/17822"}],"collection":[{"href":"https:\/\/gruppobeltrame.com\/ro\/wp-json\/wp\/v2\/posts"}],"about":[{"href":"https:\/\/gruppobeltrame.com\/ro\/wp-json\/wp\/v2\/types\/post"}],"author":[{"embeddable":true,"href":"https:\/\/gruppobeltrame.com\/ro\/wp-json\/wp\/v2\/users\/180"}],"replies":[{"embeddable":true,"href":"https:\/\/gruppobeltrame.com\/ro\/wp-json\/wp\/v2\/comments?post=17822"}],"version-history":[{"count":9,"href":"https:\/\/gruppobeltrame.com\/ro\/wp-json\/wp\/v2\/posts\/17822\/revisions"}],"predecessor-version":[{"id":17833,"href":"https:\/\/gruppobeltrame.com\/ro\/wp-json\/wp\/v2\/posts\/17822\/revisions\/17833"}],"wp:featuredmedia":[{"embeddable":true,"href":"https:\/\/gruppobeltrame.com\/ro\/wp-json\/wp\/v2\/media\/17823"}],"wp:attachment":[{"href":"https:\/\/gruppobeltrame.com\/ro\/wp-json\/wp\/v2\/media?parent=17822"}],"wp:term":[{"taxonomy":"category","embeddable":true,"href":"https:\/\/gruppobeltrame.com\/ro\/wp-json\/wp\/v2\/categories?post=17822"},{"taxonomy":"post_tag","embeddable":true,"href":"https:\/\/gruppobeltrame.com\/ro\/wp-json\/wp\/v2\/tags?post=17822"}],"curies":[{"name":"wp","href":"https:\/\/api.w.org\/{rel}","templated":true}]}}