                                                                                                                                                                                                                                                                                                                                                                                                {"id":1757,"date":"2018-06-01T17:12:24","date_gmt":"2018-06-01T15:12:24","guid":{"rendered":"https:\/\/gruppobeltrame.com\/?p=1757"},"modified":"2018-06-08T17:13:05","modified_gmt":"2018-06-08T15:13:05","slug":"siderweb-intervista-il-ceo-riccardo-garre","status":"publish","type":"post","link":"https:\/\/gruppobeltrame.com\/ro\/siderweb-intervista-il-ceo-riccardo-garre\/","title":{"rendered":"Siderweb intervista il CEO Riccardo Garr\u00e8"},"content":{"rendered":"<p class=\"qtranxs-available-languages-message qtranxs-available-languages-message-ro\">Din p\u0103cate acest articol este disponibil doar \u00een <a href=\"https:\/\/gruppobeltrame.com\/it\/wp-json\/wp\/v2\/posts\/1757\" class=\"qtranxs-available-language-link qtranxs-available-language-link-it\" title=\"IT\">Italian\u0103<\/a> \u0219i <a href=\"https:\/\/gruppobeltrame.com\/en\/wp-json\/wp\/v2\/posts\/1757\" class=\"qtranxs-available-language-link qtranxs-available-language-link-en\" title=\"EN\">Englez\u0103 American\u0103<\/a>. For the sake of viewer convenience, the content is shown below in this site default language. You may click one of the links to switch the site language to another available language.<\/p><p><span id=\"ember4510\" class=\"ember-view\"> Il nostro CEO, Riccardo Garr\u00e8, \u00e8 stato intervistato da Siderweb. Guarda il video <a href=\"https:\/\/lnkd.in\/d3D58sx\">https:\/\/lnkd.in\/d3D58sx<\/a>\u00a0per tutte le ultime notizie relative a AFV Beltrame Group\u00a0#intervista #crescita #AfvBeltrameGroup <\/span><\/p>","protected":false},"excerpt":{"rendered":"<p>Din p\u0103cate acest articol este disponibil doar \u00een Italian\u0103 \u0219i Englez\u0103 American\u0103. For the sake of viewer convenience, the content is shown below in this site default language. You may click one of the links to switch the site language to another available language. Il nostro CEO, Riccardo Garr\u00e8, \u00e8 stato intervistato da Siderweb. Guarda [&hellip;]<\/p>\n","protected":false},"author":180,"featured_media":1758,"comment_status":"open","ping_status":"open","sticky":false,"template":"","format":"standard","meta":[],"categories":[1],"tags":[],"_links":{"self":[{"href":"https:\/\/gruppobeltrame.com\/ro\/wp-json\/wp\/v2\/posts\/1757"}],"collection":[{"href":"https:\/\/gruppobeltrame.com\/ro\/wp-json\/wp\/v2\/posts"}],"about":[{"href":"https:\/\/gruppobeltrame.com\/ro\/wp-json\/wp\/v2\/types\/post"}],"author":[{"embeddable":true,"href":"https:\/\/gruppobeltrame.com\/ro\/wp-json\/wp\/v2\/users\/180"}],"replies":[{"embeddable":true,"href":"https:\/\/gruppobeltrame.com\/ro\/wp-json\/wp\/v2\/comments?post=1757"}],"version-history":[{"count":0,"href":"https:\/\/gruppobeltrame.com\/ro\/wp-json\/wp\/v2\/posts\/1757\/revisions"}],"wp:featuredmedia":[{"embeddable":true,"href":"https:\/\/gruppobeltrame.com\/ro\/wp-json\/wp\/v2\/media\/1758"}],"wp:attachment":[{"href":"https:\/\/gruppobeltrame.com\/ro\/wp-json\/wp\/v2\/media?parent=1757"}],"wp:term":[{"taxonomy":"category","embeddable":true,"href":"https:\/\/gruppobeltrame.com\/ro\/wp-json\/wp\/v2\/categories?post=1757"},{"taxonomy":"post_tag","embeddable":true,"href":"https:\/\/gruppobeltrame.com\/ro\/wp-json\/wp\/v2\/tags?post=1757"}],"curies":[{"name":"wp","href":"https:\/\/api.w.org\/{rel}","templated":true}]}}