                                                                                                                                                                                                                                                                                                                                                                                                {"id":17351,"date":"2023-06-12T15:20:26","date_gmt":"2023-06-12T13:20:26","guid":{"rendered":"https:\/\/gruppobeltrame.com\/?p=17351"},"modified":"2023-06-16T15:24:29","modified_gmt":"2023-06-16T13:24:29","slug":"il-gruppo-beltrame-partecipa-al-decarb-connect-europe","status":"publish","type":"post","link":"https:\/\/gruppobeltrame.com\/ro\/il-gruppo-beltrame-partecipa-al-decarb-connect-europe\/","title":{"rendered":"Il Gruppo Beltrame partecipa al Decarb Connect Europe"},"content":{"rendered":"<p class=\"qtranxs-available-languages-message qtranxs-available-languages-message-ro\">Din p\u0103cate acest articol este disponibil doar \u00een <a href=\"https:\/\/gruppobeltrame.com\/it\/wp-json\/wp\/v2\/posts\/17351\" class=\"qtranxs-available-language-link qtranxs-available-language-link-it\" title=\"IT\">Italian\u0103<\/a> \u0219i <a href=\"https:\/\/gruppobeltrame.com\/en\/wp-json\/wp\/v2\/posts\/17351\" class=\"qtranxs-available-language-link qtranxs-available-language-link-en\" title=\"EN\">Englez\u0103 American\u0103<\/a>. For the sake of viewer convenience, the content is shown below in this site default language. You may click one of the links to switch the site language to another available language.<\/p><p> Non perdetevi il summit <a href=\"https:\/\/www.linkedin.com\/company\/decarbconnect\/?lipi=urn%3Ali%3Apage%3Ad_flagship3_company%3B0jmWMwBASTedGfWQSuxRNQ%3D%3D\">Decarb Connect<\/a>!<br \/>\nUn evento molto interessante con focus l&#8217;accelerazione della #decarbonizzazione nei settori pi\u00f9 difficili da abbattere, discutendo con i leader dei settori pi\u00f9 energivori e<br \/>\ncon sfide complesse da risolvere.<br \/>\n<a href=\"https:\/\/www.linkedin.com\/in\/ACoAAApH96UBhaB0VpINIKnHfAlrN5PaBJsuOII?lipi=urn%3Ali%3Apage%3Ad_flagship3_company%3B0jmWMwBASTedGfWQSuxRNQ%3D%3D\">Giovan Battista Landra<\/a> presenter\u00e0 i progetti sostenibili di AFV Beltrame Group.<\/p>\n<p>","protected":false},"excerpt":{"rendered":"<p>Din p\u0103cate acest articol este disponibil doar \u00een Italian\u0103 \u0219i Englez\u0103 American\u0103. For the sake of viewer convenience, the content is shown below in this site default language. You may click one of the links to switch the site language to another available language. Non perdetevi il summit Decarb Connect! Un evento molto interessante con [&hellip;]<\/p>\n","protected":false},"author":180,"featured_media":17352,"comment_status":"open","ping_status":"open","sticky":false,"template":"","format":"standard","meta":[],"categories":[1],"tags":[],"_links":{"self":[{"href":"https:\/\/gruppobeltrame.com\/ro\/wp-json\/wp\/v2\/posts\/17351"}],"collection":[{"href":"https:\/\/gruppobeltrame.com\/ro\/wp-json\/wp\/v2\/posts"}],"about":[{"href":"https:\/\/gruppobeltrame.com\/ro\/wp-json\/wp\/v2\/types\/post"}],"author":[{"embeddable":true,"href":"https:\/\/gruppobeltrame.com\/ro\/wp-json\/wp\/v2\/users\/180"}],"replies":[{"embeddable":true,"href":"https:\/\/gruppobeltrame.com\/ro\/wp-json\/wp\/v2\/comments?post=17351"}],"version-history":[{"count":2,"href":"https:\/\/gruppobeltrame.com\/ro\/wp-json\/wp\/v2\/posts\/17351\/revisions"}],"predecessor-version":[{"id":17354,"href":"https:\/\/gruppobeltrame.com\/ro\/wp-json\/wp\/v2\/posts\/17351\/revisions\/17354"}],"wp:featuredmedia":[{"embeddable":true,"href":"https:\/\/gruppobeltrame.com\/ro\/wp-json\/wp\/v2\/media\/17352"}],"wp:attachment":[{"href":"https:\/\/gruppobeltrame.com\/ro\/wp-json\/wp\/v2\/media?parent=17351"}],"wp:term":[{"taxonomy":"category","embeddable":true,"href":"https:\/\/gruppobeltrame.com\/ro\/wp-json\/wp\/v2\/categories?post=17351"},{"taxonomy":"post_tag","embeddable":true,"href":"https:\/\/gruppobeltrame.com\/ro\/wp-json\/wp\/v2\/tags?post=17351"}],"curies":[{"name":"wp","href":"https:\/\/api.w.org\/{rel}","templated":true}]}}