                                                                                                                                                                                                                                                                                                                                                                                                {"id":16127,"date":"2023-04-14T09:53:10","date_gmt":"2023-04-14T07:53:10","guid":{"rendered":"https:\/\/gruppobeltrame.com\/?p=16127"},"modified":"2023-04-17T09:56:58","modified_gmt":"2023-04-17T07:56:58","slug":"nuovo-investimento-in-impianti-fotovoltaici","status":"publish","type":"post","link":"https:\/\/gruppobeltrame.com\/ro\/nuovo-investimento-in-impianti-fotovoltaici\/","title":{"rendered":"Nuovo investimento in impianti fotovoltaici"},"content":{"rendered":"<p class=\"qtranxs-available-languages-message qtranxs-available-languages-message-ro\">Din p\u0103cate acest articol este disponibil doar \u00een <a href=\"https:\/\/gruppobeltrame.com\/it\/wp-json\/wp\/v2\/posts\/16127\" class=\"qtranxs-available-language-link qtranxs-available-language-link-it\" title=\"IT\">Italian\u0103<\/a> \u0219i <a href=\"https:\/\/gruppobeltrame.com\/en\/wp-json\/wp\/v2\/posts\/16127\" class=\"qtranxs-available-language-link qtranxs-available-language-link-en\" title=\"EN\">Englez\u0103 American\u0103<\/a>. For the sake of viewer convenience, the content is shown below in this site default language. You may click one of the links to switch the site language to another available language.<\/p><p> &#8222;Crediamo fortemente in <a href=\"https:\/\/www.linkedin.com\/company\/renewabilityrcc\/?lipi=urn%3Ali%3Apage%3Acompanies_company_posts_index%3B36f59c9e-08fb-4da9-b217-5b4a7892d365\">Renewability <\/a>in quanto l\u2019iniziativa si sposa perfettamente con il piano di #decarbonizzazione del Gruppo Beltrame. L\u2019investimento nell&#8217;acquisto di questo secondo lotto di impianti fotovoltaici in Sicilia da 4 MW \u00e8 stata la naturale prosecuzione di quanto iniziato nel 2022 che comprendeva tre impianti in Abruzzo e due nel Lazio, per un totale di 24 MW.\u201d ha commentato cos\u00ec <a href=\"https:\/\/www.linkedin.com\/in\/ACoAAAid3-QBoz6PUp_3acK6OXeh83u_P7J505k?lipi=urn%3Ali%3Apage%3Acompanies_company_posts_index%3B36f59c9e-08fb-4da9-b217-5b4a7892d365\">Gianmaria Zanni<\/a>, Group Energy Manager AFV Beltrame Group la notizia del proseguimento dell&#8217;impegno dell&#8217;azienda nelle attivit\u00e0 di efficientamento energetico.<\/p>\n<p><a href=\"https:\/\/www.rinnovabili.it\/le-aziende-informano\/continua-la-crescita-della-community-di-renewability\/\">Clicca qui per scoprirne di pi\u00f9<\/a><\/p>\n<p>","protected":false},"excerpt":{"rendered":"<p>Din p\u0103cate acest articol este disponibil doar \u00een Italian\u0103 \u0219i Englez\u0103 American\u0103. For the sake of viewer convenience, the content is shown below in this site default language. You may click one of the links to switch the site language to another available language. &#8222;Crediamo fortemente in Renewability in quanto l\u2019iniziativa si sposa perfettamente con [&hellip;]<\/p>\n","protected":false},"author":180,"featured_media":16128,"comment_status":"open","ping_status":"open","sticky":false,"template":"","format":"standard","meta":[],"categories":[1],"tags":[],"_links":{"self":[{"href":"https:\/\/gruppobeltrame.com\/ro\/wp-json\/wp\/v2\/posts\/16127"}],"collection":[{"href":"https:\/\/gruppobeltrame.com\/ro\/wp-json\/wp\/v2\/posts"}],"about":[{"href":"https:\/\/gruppobeltrame.com\/ro\/wp-json\/wp\/v2\/types\/post"}],"author":[{"embeddable":true,"href":"https:\/\/gruppobeltrame.com\/ro\/wp-json\/wp\/v2\/users\/180"}],"replies":[{"embeddable":true,"href":"https:\/\/gruppobeltrame.com\/ro\/wp-json\/wp\/v2\/comments?post=16127"}],"version-history":[{"count":1,"href":"https:\/\/gruppobeltrame.com\/ro\/wp-json\/wp\/v2\/posts\/16127\/revisions"}],"predecessor-version":[{"id":16129,"href":"https:\/\/gruppobeltrame.com\/ro\/wp-json\/wp\/v2\/posts\/16127\/revisions\/16129"}],"wp:featuredmedia":[{"embeddable":true,"href":"https:\/\/gruppobeltrame.com\/ro\/wp-json\/wp\/v2\/media\/16128"}],"wp:attachment":[{"href":"https:\/\/gruppobeltrame.com\/ro\/wp-json\/wp\/v2\/media?parent=16127"}],"wp:term":[{"taxonomy":"category","embeddable":true,"href":"https:\/\/gruppobeltrame.com\/ro\/wp-json\/wp\/v2\/categories?post=16127"},{"taxonomy":"post_tag","embeddable":true,"href":"https:\/\/gruppobeltrame.com\/ro\/wp-json\/wp\/v2\/tags?post=16127"}],"curies":[{"name":"wp","href":"https:\/\/api.w.org\/{rel}","templated":true}]}}