                                                                                                                                                                                                                                                                                                                                                                                                {"id":1222,"date":"2017-09-14T11:47:11","date_gmt":"2017-09-14T09:47:11","guid":{"rendered":"https:\/\/gruppobeltrame.com\/?p=1222"},"modified":"2017-09-14T11:48:06","modified_gmt":"2017-09-14T09:48:06","slug":"1222-2","status":"publish","type":"post","link":"https:\/\/gruppobeltrame.com\/ro\/1222-2\/","title":{"rendered":"Installati due nuovi bruciatori recuperativi siviera"},"content":{"rendered":"<p class=\"qtranxs-available-languages-message qtranxs-available-languages-message-ro\">Din p\u0103cate acest articol este disponibil doar \u00een <a href=\"https:\/\/gruppobeltrame.com\/it\/wp-json\/wp\/v2\/posts\/1222\" class=\"qtranxs-available-language-link qtranxs-available-language-link-it\" title=\"IT\">Italian\u0103<\/a> \u0219i <a href=\"https:\/\/gruppobeltrame.com\/en\/wp-json\/wp\/v2\/posts\/1222\" class=\"qtranxs-available-language-link qtranxs-available-language-link-en\" title=\"EN\">Englez\u0103 American\u0103<\/a>. For the sake of viewer convenience, the content is shown below in this site default language. You may click one of the links to switch the site language to another available language.<\/p><p> AFV Beltrame Group rafforza il suo impegno per il risparmio energetico. Ad Agosto nello stabilimento di Vicenza sono stati installati due nuovi bruciatori recuperativi siviera per il riscaldo e l\u2019essicamento delle siviere. Gi\u00e0 nel 2016 la sostituzione di un bruciatore analogo aveva portato ad una forte riduzione del consumo di gas metano (tra il 50% e il 60%) pertanto ci si attendono ottimi risultati anche da queste due ultime installazioni.\u00a0#energysaving #reduction\u00a0<\/p>\n<p>&nbsp;<\/p>","protected":false},"excerpt":{"rendered":"<p>Din p\u0103cate acest articol este disponibil doar \u00een Italian\u0103 \u0219i Englez\u0103 American\u0103. For the sake of viewer convenience, the content is shown below in this site default language. You may click one of the links to switch the site language to another available language. AFV Beltrame Group rafforza il suo impegno per il risparmio energetico. [&hellip;]<\/p>\n","protected":false},"author":180,"featured_media":1223,"comment_status":"open","ping_status":"open","sticky":false,"template":"","format":"standard","meta":[],"categories":[1],"tags":[],"_links":{"self":[{"href":"https:\/\/gruppobeltrame.com\/ro\/wp-json\/wp\/v2\/posts\/1222"}],"collection":[{"href":"https:\/\/gruppobeltrame.com\/ro\/wp-json\/wp\/v2\/posts"}],"about":[{"href":"https:\/\/gruppobeltrame.com\/ro\/wp-json\/wp\/v2\/types\/post"}],"author":[{"embeddable":true,"href":"https:\/\/gruppobeltrame.com\/ro\/wp-json\/wp\/v2\/users\/180"}],"replies":[{"embeddable":true,"href":"https:\/\/gruppobeltrame.com\/ro\/wp-json\/wp\/v2\/comments?post=1222"}],"version-history":[{"count":0,"href":"https:\/\/gruppobeltrame.com\/ro\/wp-json\/wp\/v2\/posts\/1222\/revisions"}],"wp:featuredmedia":[{"embeddable":true,"href":"https:\/\/gruppobeltrame.com\/ro\/wp-json\/wp\/v2\/media\/1223"}],"wp:attachment":[{"href":"https:\/\/gruppobeltrame.com\/ro\/wp-json\/wp\/v2\/media?parent=1222"}],"wp:term":[{"taxonomy":"category","embeddable":true,"href":"https:\/\/gruppobeltrame.com\/ro\/wp-json\/wp\/v2\/categories?post=1222"},{"taxonomy":"post_tag","embeddable":true,"href":"https:\/\/gruppobeltrame.com\/ro\/wp-json\/wp\/v2\/tags?post=1222"}],"curies":[{"name":"wp","href":"https:\/\/api.w.org\/{rel}","templated":true}]}}