                                                                                                                                                                                                                                                                                                                                                                                                {"id":11126,"date":"2022-05-05T10:19:58","date_gmt":"2022-05-05T08:19:58","guid":{"rendered":"https:\/\/gruppobeltrame.com\/?p=11126"},"modified":"2022-05-05T10:21:58","modified_gmt":"2022-05-05T08:21:58","slug":"partecipa-al-webinar-del-10-maggio-sul-focus-internazionale-con-enrico-fornelli","status":"publish","type":"post","link":"https:\/\/gruppobeltrame.com\/ro\/partecipa-al-webinar-del-10-maggio-sul-focus-internazionale-con-enrico-fornelli\/","title":{"rendered":"Partecipa al webinar del 10 maggio sul focus internazionale con Enrico Fornelli"},"content":{"rendered":"<p class=\"qtranxs-available-languages-message qtranxs-available-languages-message-ro\">Din p\u0103cate acest articol este disponibil doar \u00een <a href=\"https:\/\/gruppobeltrame.com\/it\/wp-json\/wp\/v2\/posts\/11126\" class=\"qtranxs-available-language-link qtranxs-available-language-link-it\" title=\"IT\">Italian\u0103<\/a> \u0219i <a href=\"https:\/\/gruppobeltrame.com\/en\/wp-json\/wp\/v2\/posts\/11126\" class=\"qtranxs-available-language-link qtranxs-available-language-link-en\" title=\"EN\">Englez\u0103 American\u0103<\/a>. For the sake of viewer convenience, the content is shown below in this site default language. You may click one of the links to switch the site language to another available language.<\/p><p> <a href=\"https:\/\/www.linkedin.com\/in\/ACoAAA0JxW0BQ7bENwVMx4g8IpuENfRYzlWv5cU?lipi=urn%3Ali%3Apage%3Ad_flagship3_feed%3B1hef9mY1Qg6a7K2VlFOAHg%3D%3D\">Enrico Fornelli<\/a>, CCO del Gruppo, parteciper\u00e0 al webinar: &#8222;Francia: le possibilit\u00e0 Oltralpe per l\u2019acciaio &#8222;made in Italy&#8221; portando l&#8217;esperienza di AFV Beltrame Group presente sul territorio dagli anni &#8217;90 con Lamin\u00e9s Marchands Europ\u00e9ens.<\/p>\n<p>La data da fissarsi in agenda \u00e8 marted\u00ec 10 maggio alle 11.<br \/>\nRicco il panel di interventi, a iniziare da Bruno De Moura Fernandes (COFACE), che illustrer\u00e0 i principali tratti dell\u2019economia francese e i rapporti con il nostro Paese, a cui far\u00e0 seguito l&#8217;intervento di <a href=\"https:\/\/www.linkedin.com\/in\/ACoAAAtVCDYBjVyUkp3NszfOjVjuoIbA0v5eucE?lipi=urn%3Ali%3Apage%3Ad_flagship3_feed%3B1hef9mY1Qg6a7K2VlFOAHg%3D%3D\">Stefano Ferrari<\/a> (<a href=\"https:\/\/www.linkedin.com\/company\/siderweb-s-p-a-\/?lipi=urn%3Ali%3Apage%3Ad_flagship3_feed%3B1hef9mY1Qg6a7K2VlFOAHg%3D%3D\">siderweb<\/a>), che esporr\u00e0 i dati dell\u2019interscambio tra Italia e Francia in ambito siderurgico.<\/p>\n<p>A seguire Mauro Vittorini (Camera di Commercio e Industria italiana per la Francia di Lione) mostrer\u00e0 alla filiera gli strumenti che la Camera di Commercio italiana per la Francia ha a propria disposizione per affiancare le imprese nel loro processo di internazionalizzazione.<\/p>\n<p>Le testimonianze dirette degli operatori presenti ormai da anni con siti produttivi in Francia saranno il cuore della seconda parte del webinar, nella quale <a href=\"https:\/\/www.linkedin.com\/in\/ACoAAAnxdl4BmQKMzxCfJKEO-mg1HOpqjMikWuo?lipi=urn%3Ali%3Apage%3Ad_flagship3_feed%3B1hef9mY1Qg6a7K2VlFOAHg%3D%3D\">Davide Lorenzini<\/a> (siderweb) intervister\u00e0  proprio Enrico Fornelli (Gruppo Beltrame) ed <a href=\"https:\/\/www.linkedin.com\/in\/ACoAAAee6DEBT4GutOKVtqiOydpztScVvT86kiI?lipi=urn%3Ali%3Apage%3Ad_flagship3_feed%3B1hef9mY1Qg6a7K2VlFOAHg%3D%3D\">Eric Mattioli<\/a> (Interacciai e SMA).<\/p>\n<p><a href=\"https:\/\/www.siderweb.com\/articoli\/supertop\/713757-webinar.-francia-le-possibilita-oltralpe-per-l-acciaio-made-in-italy\">Clicca qui per maggiori dettagli.<\/a><\/p>\n<p>","protected":false},"excerpt":{"rendered":"<p>Din p\u0103cate acest articol este disponibil doar \u00een Italian\u0103 \u0219i Englez\u0103 American\u0103. For the sake of viewer convenience, the content is shown below in this site default language. You may click one of the links to switch the site language to another available language. Enrico Fornelli, CCO del Gruppo, parteciper\u00e0 al webinar: &#8222;Francia: le possibilit\u00e0 [&hellip;]<\/p>\n","protected":false},"author":180,"featured_media":11128,"comment_status":"open","ping_status":"open","sticky":false,"template":"","format":"standard","meta":[],"categories":[83,14,1],"tags":[],"_links":{"self":[{"href":"https:\/\/gruppobeltrame.com\/ro\/wp-json\/wp\/v2\/posts\/11126"}],"collection":[{"href":"https:\/\/gruppobeltrame.com\/ro\/wp-json\/wp\/v2\/posts"}],"about":[{"href":"https:\/\/gruppobeltrame.com\/ro\/wp-json\/wp\/v2\/types\/post"}],"author":[{"embeddable":true,"href":"https:\/\/gruppobeltrame.com\/ro\/wp-json\/wp\/v2\/users\/180"}],"replies":[{"embeddable":true,"href":"https:\/\/gruppobeltrame.com\/ro\/wp-json\/wp\/v2\/comments?post=11126"}],"version-history":[{"count":0,"href":"https:\/\/gruppobeltrame.com\/ro\/wp-json\/wp\/v2\/posts\/11126\/revisions"}],"wp:featuredmedia":[{"embeddable":true,"href":"https:\/\/gruppobeltrame.com\/ro\/wp-json\/wp\/v2\/media\/11128"}],"wp:attachment":[{"href":"https:\/\/gruppobeltrame.com\/ro\/wp-json\/wp\/v2\/media?parent=11126"}],"wp:term":[{"taxonomy":"category","embeddable":true,"href":"https:\/\/gruppobeltrame.com\/ro\/wp-json\/wp\/v2\/categories?post=11126"},{"taxonomy":"post_tag","embeddable":true,"href":"https:\/\/gruppobeltrame.com\/ro\/wp-json\/wp\/v2\/tags?post=11126"}],"curies":[{"name":"wp","href":"https:\/\/api.w.org\/{rel}","templated":true}]}}