                                                                                                                                                                                                                                                                                                                                                                                                {"id":9096,"date":"2021-09-13T09:21:18","date_gmt":"2021-09-13T07:21:18","guid":{"rendered":"https:\/\/gruppobeltrame.com\/?p=9096"},"modified":"2021-09-14T09:21:57","modified_gmt":"2021-09-14T07:21:57","slug":"i-vecchi-spazi-acquistano-nuova-importanza-a-stahl-gerlafingen","status":"publish","type":"post","link":"https:\/\/gruppobeltrame.com\/fr\/i-vecchi-spazi-acquistano-nuova-importanza-a-stahl-gerlafingen\/","title":{"rendered":"I vecchi spazi acquistano nuova importanza a STAHL GERLAFINGEN"},"content":{"rendered":"<p class=\"qtranxs-available-languages-message qtranxs-available-languages-message-fr\">D\u00e9sol\u00e9, cet article est seulement disponible en <a href=\"https:\/\/gruppobeltrame.com\/it\/wp-json\/wp\/v2\/posts\/9096\" class=\"qtranxs-available-language-link qtranxs-available-language-link-it\" title=\"IT\">Italien<\/a> et <a href=\"https:\/\/gruppobeltrame.com\/en\/wp-json\/wp\/v2\/posts\/9096\" class=\"qtranxs-available-language-link qtranxs-available-language-link-en\" title=\"EN\">Anglais Am\u00e9ricain<\/a>. Pour le confort de l\u2019utilisateur, le contenu est affich\u00e9 ci-dessous dans la langue par d\u00e9faut du site. Vous pouvez cliquer l\u2019un des liens pour changer la langue du site en une autre langue disponible.<\/p><p><br \/>\nNiente \u00e8 costante come il cambiamento.<\/p>\n<p>Questo vale anche per l&rsquo;acciaieria svizzera AFV Beltrames Stahl Gerlafingen.<\/p>\n<p>Alcuni edifici perdono importanza e significato nel tempo.<\/p>\n<p>Se l&rsquo;intero impianto si trasforma, le nuove attivit\u00e0 richiedono pi\u00f9 spazio per lavorare in modo efficiente.<\/p>\n<p>Questo vecchio edificio era  l&rsquo;ufficio di spedizione principale, ma dopo molti cambiamenti nel reparto logistico, non ce n&rsquo;era pi\u00f9 bisogno.<\/p>\n<p>Cos\u00ec \u00e8 stato demolito e il nuovo spazio utilizzato per lo stoccaggio dei semilavorati come i coils.<\/p>\n<p>Presto l&rsquo;area servir\u00e0 come area di carico per il trasporto alla S\u00fcdhalle.<\/p>\n<p>Inoltre, render\u00e0 pi\u00f9 efficiente la logistica nello stabilimento.<\/p>","protected":false},"excerpt":{"rendered":"<p>D\u00e9sol\u00e9, cet article est seulement disponible en Italien et Anglais Am\u00e9ricain. Pour le confort de l\u2019utilisateur, le contenu est affich\u00e9 ci-dessous dans la langue par d\u00e9faut du site. Vous pouvez cliquer l\u2019un des liens pour changer la langue du site en une autre langue disponible. Niente \u00e8 costante come il cambiamento. Questo vale anche per [&hellip;]<\/p>\n","protected":false},"author":180,"featured_media":9097,"comment_status":"open","ping_status":"open","sticky":false,"template":"","format":"standard","meta":[],"categories":[1],"tags":[],"_links":{"self":[{"href":"https:\/\/gruppobeltrame.com\/fr\/wp-json\/wp\/v2\/posts\/9096"}],"collection":[{"href":"https:\/\/gruppobeltrame.com\/fr\/wp-json\/wp\/v2\/posts"}],"about":[{"href":"https:\/\/gruppobeltrame.com\/fr\/wp-json\/wp\/v2\/types\/post"}],"author":[{"embeddable":true,"href":"https:\/\/gruppobeltrame.com\/fr\/wp-json\/wp\/v2\/users\/180"}],"replies":[{"embeddable":true,"href":"https:\/\/gruppobeltrame.com\/fr\/wp-json\/wp\/v2\/comments?post=9096"}],"version-history":[{"count":0,"href":"https:\/\/gruppobeltrame.com\/fr\/wp-json\/wp\/v2\/posts\/9096\/revisions"}],"wp:featuredmedia":[{"embeddable":true,"href":"https:\/\/gruppobeltrame.com\/fr\/wp-json\/wp\/v2\/media\/9097"}],"wp:attachment":[{"href":"https:\/\/gruppobeltrame.com\/fr\/wp-json\/wp\/v2\/media?parent=9096"}],"wp:term":[{"taxonomy":"category","embeddable":true,"href":"https:\/\/gruppobeltrame.com\/fr\/wp-json\/wp\/v2\/categories?post=9096"},{"taxonomy":"post_tag","embeddable":true,"href":"https:\/\/gruppobeltrame.com\/fr\/wp-json\/wp\/v2\/tags?post=9096"}],"curies":[{"name":"wp","href":"https:\/\/api.w.org\/{rel}","templated":true}]}}