                                                                                                                                                                                                                                                                                                                                                                                                {"id":8797,"date":"2021-07-27T09:10:02","date_gmt":"2021-07-27T07:10:02","guid":{"rendered":"https:\/\/gruppobeltrame.com\/?p=8797"},"modified":"2021-07-28T09:28:55","modified_gmt":"2021-07-28T07:28:55","slug":"sostenibilita-per-afv-beltrame-group","status":"publish","type":"post","link":"https:\/\/gruppobeltrame.com\/fr\/sostenibilita-per-afv-beltrame-group\/","title":{"rendered":"Sostenibilit\u00e0 per AFV Beltrame Group"},"content":{"rendered":"<p class=\"qtranxs-available-languages-message qtranxs-available-languages-message-fr\">D\u00e9sol\u00e9, cet article est seulement disponible en <a href=\"https:\/\/gruppobeltrame.com\/it\/wp-json\/wp\/v2\/posts\/8797\" class=\"qtranxs-available-language-link qtranxs-available-language-link-it\" title=\"IT\">Italien<\/a> et <a href=\"https:\/\/gruppobeltrame.com\/en\/wp-json\/wp\/v2\/posts\/8797\" class=\"qtranxs-available-language-link qtranxs-available-language-link-en\" title=\"EN\">Anglais Am\u00e9ricain<\/a>. Pour le confort de l\u2019utilisateur, le contenu est affich\u00e9 ci-dessous dans la langue par d\u00e9faut du site. Vous pouvez cliquer l\u2019un des liens pour changer la langue du site en une autre langue disponible.<\/p><p><br \/>\n\u201cQuesta pandemia non ha in alcun modo intaccato la nostra determinazione nel rispondere alla sfida mondiale per la gestione sostenibile dei processi produttivi, garantendo continuit\u00e0 al percorso intrapreso verso la sostenibilit\u00e0, che abbiamo chiamato \u201cShaping the Future\u201d.<\/p>\n<p>Un progetto che sottolinea la nostra chiara intenzione di essere protagonisti del futuro industriale, basato su #greentransition, #innovation e #stakeholderinvolvement.<br \/>\nQuesto primo #Bilancio di Sostenibilit\u00e0 certificato rappresenta non solo un potente strumento per riportare performance e comunicazione agli stakeholder, ma soprattutto incarna i valori condivisi che guidano la corporate governance, ponendo i criteri di sostenibilit\u00e0 #ESG alla base della pianificazione strategica del nostro Gruppo\u00a0\u00bb, Giovan Battista Landra, Direttore EHS e Sostenibilit\u00e0 del Gruppo<\/p>","protected":false},"excerpt":{"rendered":"<p>D\u00e9sol\u00e9, cet article est seulement disponible en Italien et Anglais Am\u00e9ricain. Pour le confort de l\u2019utilisateur, le contenu est affich\u00e9 ci-dessous dans la langue par d\u00e9faut du site. Vous pouvez cliquer l\u2019un des liens pour changer la langue du site en une autre langue disponible. \u201cQuesta pandemia non ha in alcun modo intaccato la nostra [&hellip;]<\/p>\n","protected":false},"author":180,"featured_media":8798,"comment_status":"open","ping_status":"open","sticky":false,"template":"","format":"standard","meta":[],"categories":[1],"tags":[],"_links":{"self":[{"href":"https:\/\/gruppobeltrame.com\/fr\/wp-json\/wp\/v2\/posts\/8797"}],"collection":[{"href":"https:\/\/gruppobeltrame.com\/fr\/wp-json\/wp\/v2\/posts"}],"about":[{"href":"https:\/\/gruppobeltrame.com\/fr\/wp-json\/wp\/v2\/types\/post"}],"author":[{"embeddable":true,"href":"https:\/\/gruppobeltrame.com\/fr\/wp-json\/wp\/v2\/users\/180"}],"replies":[{"embeddable":true,"href":"https:\/\/gruppobeltrame.com\/fr\/wp-json\/wp\/v2\/comments?post=8797"}],"version-history":[{"count":0,"href":"https:\/\/gruppobeltrame.com\/fr\/wp-json\/wp\/v2\/posts\/8797\/revisions"}],"wp:featuredmedia":[{"embeddable":true,"href":"https:\/\/gruppobeltrame.com\/fr\/wp-json\/wp\/v2\/media\/8798"}],"wp:attachment":[{"href":"https:\/\/gruppobeltrame.com\/fr\/wp-json\/wp\/v2\/media?parent=8797"}],"wp:term":[{"taxonomy":"category","embeddable":true,"href":"https:\/\/gruppobeltrame.com\/fr\/wp-json\/wp\/v2\/categories?post=8797"},{"taxonomy":"post_tag","embeddable":true,"href":"https:\/\/gruppobeltrame.com\/fr\/wp-json\/wp\/v2\/tags?post=8797"}],"curies":[{"name":"wp","href":"https:\/\/api.w.org\/{rel}","templated":true}]}}