                                                                                                                                                                                                                                                                                                                                                                                                {"id":7737,"date":"2021-03-17T15:00:15","date_gmt":"2021-03-17T14:00:15","guid":{"rendered":"https:\/\/gruppobeltrame.com\/?p=7737"},"modified":"2021-03-29T15:03:19","modified_gmt":"2021-03-29T13:03:19","slug":"afv-beltrame-group-aderisce-alla-campagna-di-vaccinazione-nazionale","status":"publish","type":"post","link":"https:\/\/gruppobeltrame.com\/fr\/afv-beltrame-group-aderisce-alla-campagna-di-vaccinazione-nazionale\/","title":{"rendered":"AFV Beltrame Group aderisce alla campagna di vaccinazione nazionale"},"content":{"rendered":"<p class=\"qtranxs-available-languages-message qtranxs-available-languages-message-fr\">D\u00e9sol\u00e9, cet article est seulement disponible en <a href=\"https:\/\/gruppobeltrame.com\/it\/wp-json\/wp\/v2\/posts\/7737\" class=\"qtranxs-available-language-link qtranxs-available-language-link-it\" title=\"IT\">Italien<\/a> et <a href=\"https:\/\/gruppobeltrame.com\/en\/wp-json\/wp\/v2\/posts\/7737\" class=\"qtranxs-available-language-link qtranxs-available-language-link-en\" title=\"EN\">Anglais Am\u00e9ricain<\/a>. Pour le confort de l\u2019utilisateur, le contenu est affich\u00e9 ci-dessous dans la langue par d\u00e9faut du site. Vous pouvez cliquer l\u2019un des liens pour changer la langue du site en une autre langue disponible.<\/p><p>AFV Beltrame Group \u00e8 vicina alla sua comunit\u00e0 e al suo territorio.<br \/>\nLo stabilimento di Vicenza si fa promotore del Gruppo AFV Italia aderendo all\u2019iniziativa promossa da Confindustria dando piena disponibilit\u00e0 per la campagna di vaccinazione nazionale contro il Covid19.<\/p>\n<p>","protected":false},"excerpt":{"rendered":"<p>D\u00e9sol\u00e9, cet article est seulement disponible en Italien et Anglais Am\u00e9ricain. Pour le confort de l\u2019utilisateur, le contenu est affich\u00e9 ci-dessous dans la langue par d\u00e9faut du site. Vous pouvez cliquer l\u2019un des liens pour changer la langue du site en une autre langue disponible.AFV Beltrame Group \u00e8 vicina alla sua comunit\u00e0 e al suo [&hellip;]<\/p>\n","protected":false},"author":180,"featured_media":7781,"comment_status":"open","ping_status":"open","sticky":false,"template":"","format":"standard","meta":[],"categories":[1],"tags":[],"_links":{"self":[{"href":"https:\/\/gruppobeltrame.com\/fr\/wp-json\/wp\/v2\/posts\/7737"}],"collection":[{"href":"https:\/\/gruppobeltrame.com\/fr\/wp-json\/wp\/v2\/posts"}],"about":[{"href":"https:\/\/gruppobeltrame.com\/fr\/wp-json\/wp\/v2\/types\/post"}],"author":[{"embeddable":true,"href":"https:\/\/gruppobeltrame.com\/fr\/wp-json\/wp\/v2\/users\/180"}],"replies":[{"embeddable":true,"href":"https:\/\/gruppobeltrame.com\/fr\/wp-json\/wp\/v2\/comments?post=7737"}],"version-history":[{"count":0,"href":"https:\/\/gruppobeltrame.com\/fr\/wp-json\/wp\/v2\/posts\/7737\/revisions"}],"wp:featuredmedia":[{"embeddable":true,"href":"https:\/\/gruppobeltrame.com\/fr\/wp-json\/wp\/v2\/media\/7781"}],"wp:attachment":[{"href":"https:\/\/gruppobeltrame.com\/fr\/wp-json\/wp\/v2\/media?parent=7737"}],"wp:term":[{"taxonomy":"category","embeddable":true,"href":"https:\/\/gruppobeltrame.com\/fr\/wp-json\/wp\/v2\/categories?post=7737"},{"taxonomy":"post_tag","embeddable":true,"href":"https:\/\/gruppobeltrame.com\/fr\/wp-json\/wp\/v2\/tags?post=7737"}],"curies":[{"name":"wp","href":"https:\/\/api.w.org\/{rel}","templated":true}]}}