                                                                                                                                                                                                                                                                                                                                                                                                {"id":7735,"date":"2021-03-18T14:56:22","date_gmt":"2021-03-18T13:56:22","guid":{"rendered":"https:\/\/gruppobeltrame.com\/?p=7735"},"modified":"2021-03-29T14:58:39","modified_gmt":"2021-03-29T12:58:39","slug":"en-global-recycling-day-giornata-mondiale-del-riciclo","status":"publish","type":"post","link":"https:\/\/gruppobeltrame.com\/fr\/en-global-recycling-day-giornata-mondiale-del-riciclo\/","title":{"rendered":"Giornata mondiale del riciclo"},"content":{"rendered":"<p class=\"qtranxs-available-languages-message qtranxs-available-languages-message-fr\">D\u00e9sol\u00e9, cet article est seulement disponible en <a href=\"https:\/\/gruppobeltrame.com\/it\/wp-json\/wp\/v2\/posts\/7735\" class=\"qtranxs-available-language-link qtranxs-available-language-link-it\" title=\"IT\">Italien<\/a> et <a href=\"https:\/\/gruppobeltrame.com\/en\/wp-json\/wp\/v2\/posts\/7735\" class=\"qtranxs-available-language-link qtranxs-available-language-link-en\" title=\"EN\">Anglais Am\u00e9ricain<\/a>. Pour le confort de l\u2019utilisateur, le contenu est affich\u00e9 ci-dessous dans la langue par d\u00e9faut du site. Vous pouvez cliquer l\u2019un des liens pour changer la langue du site en une autre langue disponible.<\/p><p>Oggi \u00e8 la Giornata mondiale del riciclaggio! Creato nel 2018, \u00e8 stato istituito per celebrare l&rsquo;importanza del riciclaggio e il ruolo principale che svolge nel preservare le nostre preziose risorse primarie e garantire il futuro del nostro pianeta.<\/p>\n<p>\u00c8 un giorno in cui il mondo si unir\u00e0 per questa causa e metter\u00e0 al primo posto il nostro pianeta.<\/p>\n<p>In AFV Beltrame Group siamo pienamente impegnati a dare nuova vita a rifiuti e sottoprodotti riciclandoli sia nei processi di produzione dell&rsquo;acciaio che in altre attivit\u00e0 industriali o opere civili.<\/p>\n<p>Il nostro AWaReProject (All Waste Recovered), con l&rsquo;obiettivo zero rifiuti in discarica, ha permesso al Gruppo di raggiungere un tasso di recupero dei rifiuti superiore al 90% nel 2020.<\/p>","protected":false},"excerpt":{"rendered":"<p>D\u00e9sol\u00e9, cet article est seulement disponible en Italien et Anglais Am\u00e9ricain. Pour le confort de l\u2019utilisateur, le contenu est affich\u00e9 ci-dessous dans la langue par d\u00e9faut du site. Vous pouvez cliquer l\u2019un des liens pour changer la langue du site en une autre langue disponible.Oggi \u00e8 la Giornata mondiale del riciclaggio! Creato nel 2018, \u00e8 [&hellip;]<\/p>\n","protected":false},"author":180,"featured_media":7772,"comment_status":"open","ping_status":"open","sticky":false,"template":"","format":"standard","meta":[],"categories":[1],"tags":[],"_links":{"self":[{"href":"https:\/\/gruppobeltrame.com\/fr\/wp-json\/wp\/v2\/posts\/7735"}],"collection":[{"href":"https:\/\/gruppobeltrame.com\/fr\/wp-json\/wp\/v2\/posts"}],"about":[{"href":"https:\/\/gruppobeltrame.com\/fr\/wp-json\/wp\/v2\/types\/post"}],"author":[{"embeddable":true,"href":"https:\/\/gruppobeltrame.com\/fr\/wp-json\/wp\/v2\/users\/180"}],"replies":[{"embeddable":true,"href":"https:\/\/gruppobeltrame.com\/fr\/wp-json\/wp\/v2\/comments?post=7735"}],"version-history":[{"count":0,"href":"https:\/\/gruppobeltrame.com\/fr\/wp-json\/wp\/v2\/posts\/7735\/revisions"}],"wp:featuredmedia":[{"embeddable":true,"href":"https:\/\/gruppobeltrame.com\/fr\/wp-json\/wp\/v2\/media\/7772"}],"wp:attachment":[{"href":"https:\/\/gruppobeltrame.com\/fr\/wp-json\/wp\/v2\/media?parent=7735"}],"wp:term":[{"taxonomy":"category","embeddable":true,"href":"https:\/\/gruppobeltrame.com\/fr\/wp-json\/wp\/v2\/categories?post=7735"},{"taxonomy":"post_tag","embeddable":true,"href":"https:\/\/gruppobeltrame.com\/fr\/wp-json\/wp\/v2\/tags?post=7735"}],"curies":[{"name":"wp","href":"https:\/\/api.w.org\/{rel}","templated":true}]}}