                                                                                                                                                                                                                                                                                                                                                                                                {"id":7071,"date":"2020-12-31T10:01:40","date_gmt":"2020-12-31T09:01:40","guid":{"rendered":"https:\/\/gruppobeltrame.com\/?p=7071"},"modified":"2021-03-16T15:26:14","modified_gmt":"2021-03-16T14:26:14","slug":"carlo-beltrame-intervistato-da-forbes","status":"publish","type":"post","link":"https:\/\/gruppobeltrame.com\/fr\/carlo-beltrame-intervistato-da-forbes\/","title":{"rendered":"Carlo Beltrame intervistato da Forbes"},"content":{"rendered":"<p class=\"qtranxs-available-languages-message qtranxs-available-languages-message-fr\">D\u00e9sol\u00e9, cet article est seulement disponible en <a href=\"https:\/\/gruppobeltrame.com\/it\/wp-json\/wp\/v2\/posts\/7071\" class=\"qtranxs-available-language-link qtranxs-available-language-link-it\" title=\"IT\">Italien<\/a> et <a href=\"https:\/\/gruppobeltrame.com\/en\/wp-json\/wp\/v2\/posts\/7071\" class=\"qtranxs-available-language-link qtranxs-available-language-link-en\" title=\"EN\">Anglais Am\u00e9ricain<\/a>. Pour le confort de l\u2019utilisateur, le contenu est affich\u00e9 ci-dessous dans la langue par d\u00e9faut du site. Vous pouvez cliquer l\u2019un des liens pour changer la langue du site en une autre langue disponible.<\/p><p><a href=\"https:\/\/www.linkedin.com\/in\/ACoAACFJytAB1aTE0v0InSQlLcdKOwyzx6xP2Ag\" data-attribute-index=\"0\" data-entity-hovercard-id=\"urn:li:fs_miniProfile:ACoAACFJytAB1aTE0v0InSQlLcdKOwyzx6xP2Ag\" data-entity-type=\"MINI_PROFILE\">Carlo Beltrame<\/a>, intervistato da\u00a0<a href=\"https:\/\/www.linkedin.com\/company\/forbes-magazine\/\" data-attribute-index=\"2\" data-entity-hovercard-id=\"urn:li:fs_miniCompany:5597\" data-entity-type=\"MINI_COMPANY\">Forbes<\/a>\u00a0per il progetto editoriale \u00ab\u00a0Lezioni per\u00a02021\u00a0\u00bb, parla delle lezioni apprese quest&rsquo;anno e dei piani futuri per Donalam, l&rsquo;azienda rumena del Gruppo Beltrame. Le nuove barriere commerciali e la\u00a0Green Deal le sfide pi\u00f9 grandi del nuovo anno.<\/p>\n<p><a href=\"https:\/\/www.forbes.ro\/carlo-beltrame-ceo-donalam-criza-covid-19-accelerat-tendinta-spre-un-nationalism-economic-mai-accentuat-si-sporit-influenta-guvernelor-domeniul-politicilor-comerciale-198073\">Intervista completa disponibile qui<\/a><\/p>\n<p>","protected":false},"excerpt":{"rendered":"<p>D\u00e9sol\u00e9, cet article est seulement disponible en Italien et Anglais Am\u00e9ricain. Pour le confort de l\u2019utilisateur, le contenu est affich\u00e9 ci-dessous dans la langue par d\u00e9faut du site. Vous pouvez cliquer l\u2019un des liens pour changer la langue du site en une autre langue disponible.Carlo Beltrame, intervistato da\u00a0Forbes\u00a0per il progetto editoriale \u00ab\u00a0Lezioni per\u00a02021\u00a0\u00bb, parla delle [&hellip;]<\/p>\n","protected":false},"author":180,"featured_media":7242,"comment_status":"open","ping_status":"open","sticky":false,"template":"","format":"standard","meta":[],"categories":[1],"tags":[],"_links":{"self":[{"href":"https:\/\/gruppobeltrame.com\/fr\/wp-json\/wp\/v2\/posts\/7071"}],"collection":[{"href":"https:\/\/gruppobeltrame.com\/fr\/wp-json\/wp\/v2\/posts"}],"about":[{"href":"https:\/\/gruppobeltrame.com\/fr\/wp-json\/wp\/v2\/types\/post"}],"author":[{"embeddable":true,"href":"https:\/\/gruppobeltrame.com\/fr\/wp-json\/wp\/v2\/users\/180"}],"replies":[{"embeddable":true,"href":"https:\/\/gruppobeltrame.com\/fr\/wp-json\/wp\/v2\/comments?post=7071"}],"version-history":[{"count":0,"href":"https:\/\/gruppobeltrame.com\/fr\/wp-json\/wp\/v2\/posts\/7071\/revisions"}],"wp:featuredmedia":[{"embeddable":true,"href":"https:\/\/gruppobeltrame.com\/fr\/wp-json\/wp\/v2\/media\/7242"}],"wp:attachment":[{"href":"https:\/\/gruppobeltrame.com\/fr\/wp-json\/wp\/v2\/media?parent=7071"}],"wp:term":[{"taxonomy":"category","embeddable":true,"href":"https:\/\/gruppobeltrame.com\/fr\/wp-json\/wp\/v2\/categories?post=7071"},{"taxonomy":"post_tag","embeddable":true,"href":"https:\/\/gruppobeltrame.com\/fr\/wp-json\/wp\/v2\/tags?post=7071"}],"curies":[{"name":"wp","href":"https:\/\/api.w.org\/{rel}","templated":true}]}}