                                                                                                                                                                                                                                                                                                                                                                                                {"id":3312,"date":"2019-04-18T16:40:23","date_gmt":"2019-04-18T14:40:23","guid":{"rendered":"https:\/\/gruppobeltrame.com\/?p=3312"},"modified":"2019-11-13T17:12:54","modified_gmt":"2019-11-13T16:12:54","slug":"lambasciatore-francese-in-visita-in-afv-beltrame-group","status":"publish","type":"post","link":"https:\/\/gruppobeltrame.com\/fr\/lambasciatore-francese-in-visita-in-afv-beltrame-group\/","title":{"rendered":"L&rsquo;Ambasciatore francese in visita in AFV Beltrame Group"},"content":{"rendered":"<p class=\"qtranxs-available-languages-message qtranxs-available-languages-message-fr\">D\u00e9sol\u00e9, cet article est seulement disponible en <a href=\"https:\/\/gruppobeltrame.com\/it\/wp-json\/wp\/v2\/posts\/3312\" class=\"qtranxs-available-language-link qtranxs-available-language-link-it\" title=\"IT\">Italien<\/a> et <a href=\"https:\/\/gruppobeltrame.com\/en\/wp-json\/wp\/v2\/posts\/3312\" class=\"qtranxs-available-language-link qtranxs-available-language-link-en\" title=\"EN\">Anglais Am\u00e9ricain<\/a>. Pour le confort de l\u2019utilisateur, le contenu est affich\u00e9 ci-dessous dans la langue par d\u00e9faut du site. Vous pouvez cliquer l\u2019un des liens pour changer la langue du site en une autre langue disponible.<\/p><p> Onorati di aver ospitato l&rsquo;Ambasciatore di Francia a Roma, Christian Masset con la signora Masset, accompagnati da Antoine Starky, Cyrille Rougeau, Charlotte Diers, Remo Pedon, Vicepresidente di Confindustria Vicenza e Barbara Beltrame Giacomello, Head of Communications &#038; Marketing AFV Beltrame Group, per una visita guidata del nostro stabilimento di Vicenza. Ecco l&rsquo;articolo pubblicato da Il Giornale di Vicenza, oggi <a href=\"https:\/\/www.ilgiornaledivicenza.it\/home\/economia\/beltrame-modello-e-per-notre-dame-ci-aiuterete-voi-1.7274270\">https:\/\/www.ilgiornaledivicenza.it\/home\/economia\/beltrame-modello-e-per-notre-dame-ci-aiuterete-voi-1.7274270<\/a>","protected":false},"excerpt":{"rendered":"<p>D\u00e9sol\u00e9, cet article est seulement disponible en Italien et Anglais Am\u00e9ricain. Pour le confort de l\u2019utilisateur, le contenu est affich\u00e9 ci-dessous dans la langue par d\u00e9faut du site. Vous pouvez cliquer l\u2019un des liens pour changer la langue du site en une autre langue disponible. Onorati di aver ospitato l&rsquo;Ambasciatore di Francia a Roma, Christian [&hellip;]<\/p>\n","protected":false},"author":180,"featured_media":3314,"comment_status":"open","ping_status":"open","sticky":false,"template":"","format":"standard","meta":[],"categories":[1],"tags":[],"_links":{"self":[{"href":"https:\/\/gruppobeltrame.com\/fr\/wp-json\/wp\/v2\/posts\/3312"}],"collection":[{"href":"https:\/\/gruppobeltrame.com\/fr\/wp-json\/wp\/v2\/posts"}],"about":[{"href":"https:\/\/gruppobeltrame.com\/fr\/wp-json\/wp\/v2\/types\/post"}],"author":[{"embeddable":true,"href":"https:\/\/gruppobeltrame.com\/fr\/wp-json\/wp\/v2\/users\/180"}],"replies":[{"embeddable":true,"href":"https:\/\/gruppobeltrame.com\/fr\/wp-json\/wp\/v2\/comments?post=3312"}],"version-history":[{"count":0,"href":"https:\/\/gruppobeltrame.com\/fr\/wp-json\/wp\/v2\/posts\/3312\/revisions"}],"wp:featuredmedia":[{"embeddable":true,"href":"https:\/\/gruppobeltrame.com\/fr\/wp-json\/wp\/v2\/media\/3314"}],"wp:attachment":[{"href":"https:\/\/gruppobeltrame.com\/fr\/wp-json\/wp\/v2\/media?parent=3312"}],"wp:term":[{"taxonomy":"category","embeddable":true,"href":"https:\/\/gruppobeltrame.com\/fr\/wp-json\/wp\/v2\/categories?post=3312"},{"taxonomy":"post_tag","embeddable":true,"href":"https:\/\/gruppobeltrame.com\/fr\/wp-json\/wp\/v2\/tags?post=3312"}],"curies":[{"name":"wp","href":"https:\/\/api.w.org\/{rel}","templated":true}]}}