                                                                                                                                                                                                                                                                                                                                                                                                {"id":24683,"date":"2024-08-30T11:16:54","date_gmt":"2024-08-30T09:16:54","guid":{"rendered":"https:\/\/gruppobeltrame.com\/?p=24683"},"modified":"2024-08-30T11:16:54","modified_gmt":"2024-08-30T09:16:54","slug":"swiss-green-economy-symposium","status":"publish","type":"post","link":"https:\/\/gruppobeltrame.com\/fr\/swiss-green-economy-symposium\/","title":{"rendered":"Swiss Green Economy Symposium"},"content":{"rendered":"<p class=\"qtranxs-available-languages-message qtranxs-available-languages-message-fr\">D\u00e9sol\u00e9, cet article est seulement disponible en <a href=\"https:\/\/gruppobeltrame.com\/it\/wp-json\/wp\/v2\/posts\/24683\" class=\"qtranxs-available-language-link qtranxs-available-language-link-it\" title=\"IT\">Italien<\/a> et <a href=\"https:\/\/gruppobeltrame.com\/en\/wp-json\/wp\/v2\/posts\/24683\" class=\"qtranxs-available-language-link qtranxs-available-language-link-en\" title=\"EN\">Anglais Am\u00e9ricain<\/a>. Pour le confort de l\u2019utilisateur, le contenu est affich\u00e9 ci-dessous dans la langue par d\u00e9faut du site. Vous pouvez cliquer l\u2019un des liens pour changer la langue du site en une autre langue disponible.<\/p><p><br \/>\nLo Swiss Green Economy Symposium \u00e8 la conferenza pi\u00f9 completa della Svizzera su imprese e sostenibilit\u00e0. <\/p>\n<p>Dal 2013 si propone di fornire ai partecipanti una piattaforma per sviluppare strategie efficaci per un futuro sostenibile. I dibattiti con visionari e leader del settore sono al centro dell&rsquo;attenzione. L&rsquo;evento \u00e8 iniziato luned\u00ec a Winterthur.<\/p>\n<p>AFV Beltrame \u00e8 quindi molto orgogliosa che Alain Creteur, CEO dello stabilimento svizzero Stahl Gerlafingen e dell&rsquo;intero Gruppo, terr\u00e0 oggi una presentazione. <\/p>\n<p>Egli richiamer\u00e0 l&rsquo;attenzione sul fatto che Stahl Gerlafingen \u00e8 il pi\u00f9 grande impianto di riciclaggio in Svizzera e quindi fornisce un importante contributo all&rsquo;economia circolare. Nel complesso, l&rsquo;acciaio di Gerlafingen pu\u00f2 dare un contributo importante per rendere l&rsquo;edilizia pi\u00f9 sostenibile e rispettosa del clima.<\/p>\n<p>","protected":false},"excerpt":{"rendered":"<p>D\u00e9sol\u00e9, cet article est seulement disponible en Italien et Anglais Am\u00e9ricain. Pour le confort de l\u2019utilisateur, le contenu est affich\u00e9 ci-dessous dans la langue par d\u00e9faut du site. Vous pouvez cliquer l\u2019un des liens pour changer la langue du site en une autre langue disponible. Lo Swiss Green Economy Symposium \u00e8 la conferenza pi\u00f9 completa [&hellip;]<\/p>\n","protected":false},"author":180,"featured_media":24684,"comment_status":"closed","ping_status":"closed","sticky":false,"template":"","format":"standard","meta":[],"categories":[84,14,1],"tags":[],"_links":{"self":[{"href":"https:\/\/gruppobeltrame.com\/fr\/wp-json\/wp\/v2\/posts\/24683"}],"collection":[{"href":"https:\/\/gruppobeltrame.com\/fr\/wp-json\/wp\/v2\/posts"}],"about":[{"href":"https:\/\/gruppobeltrame.com\/fr\/wp-json\/wp\/v2\/types\/post"}],"author":[{"embeddable":true,"href":"https:\/\/gruppobeltrame.com\/fr\/wp-json\/wp\/v2\/users\/180"}],"replies":[{"embeddable":true,"href":"https:\/\/gruppobeltrame.com\/fr\/wp-json\/wp\/v2\/comments?post=24683"}],"version-history":[{"count":2,"href":"https:\/\/gruppobeltrame.com\/fr\/wp-json\/wp\/v2\/posts\/24683\/revisions"}],"predecessor-version":[{"id":24686,"href":"https:\/\/gruppobeltrame.com\/fr\/wp-json\/wp\/v2\/posts\/24683\/revisions\/24686"}],"wp:featuredmedia":[{"embeddable":true,"href":"https:\/\/gruppobeltrame.com\/fr\/wp-json\/wp\/v2\/media\/24684"}],"wp:attachment":[{"href":"https:\/\/gruppobeltrame.com\/fr\/wp-json\/wp\/v2\/media?parent=24683"}],"wp:term":[{"taxonomy":"category","embeddable":true,"href":"https:\/\/gruppobeltrame.com\/fr\/wp-json\/wp\/v2\/categories?post=24683"},{"taxonomy":"post_tag","embeddable":true,"href":"https:\/\/gruppobeltrame.com\/fr\/wp-json\/wp\/v2\/tags?post=24683"}],"curies":[{"name":"wp","href":"https:\/\/api.w.org\/{rel}","templated":true}]}}