                                                                                                                                                                                                                                                                                                                                                                                                {"id":23514,"date":"2024-05-21T11:24:49","date_gmt":"2024-05-21T09:24:49","guid":{"rendered":"https:\/\/gruppobeltrame.com\/?p=23514"},"modified":"2024-05-29T15:28:42","modified_gmt":"2024-05-29T13:28:42","slug":"nuovo-impianto-solare-in-funzione-in-stahl-gerlafingen","status":"publish","type":"post","link":"https:\/\/gruppobeltrame.com\/fr\/nuovo-impianto-solare-in-funzione-in-stahl-gerlafingen\/","title":{"rendered":"Nuovo impianto solare in funzione in Stahl Gerlafingen"},"content":{"rendered":"<p class=\"qtranxs-available-languages-message qtranxs-available-languages-message-fr\">D\u00e9sol\u00e9, cet article est seulement disponible en <a href=\"https:\/\/gruppobeltrame.com\/it\/wp-json\/wp\/v2\/posts\/23514\" class=\"qtranxs-available-language-link qtranxs-available-language-link-it\" title=\"IT\">Italien<\/a> et <a href=\"https:\/\/gruppobeltrame.com\/en\/wp-json\/wp\/v2\/posts\/23514\" class=\"qtranxs-available-language-link qtranxs-available-language-link-en\" title=\"EN\">Anglais Am\u00e9ricain<\/a>. Pour le confort de l\u2019utilisateur, le contenu est affich\u00e9 ci-dessous dans la langue par d\u00e9faut du site. Vous pouvez cliquer l\u2019un des liens pour changer la langue du site en une autre langue disponible.<\/p><p> Un futuro con pi\u00f9 verde energia: nello stabilimento svizzero di Stahl Gerlafingen, all&rsquo;inizio di febbraio \u00e8 iniziata la costruzione di un impianto fotovoltaico sul tetto del laminatoio  profili e sul tetto del forno del laminatoio Kombi.<\/p>\n<p>Come da programma l&rsquo;entrata in funzione \u00e8 prevista per questa settimana.<br \/>\nL&rsquo;intera costruzione consiste in circa 5.000 pannelli, installati su 10.000 m2, con una capacit\u00e0 di 2.250 kWp.<br \/>\nStahl Gerlafingen prevede una produzione annua di elettricit\u00e0 di circa 2100 MWh\/anno fornita dall&rsquo;impianto.<br \/>\nIl Gruppo Beltrame si \u00e8 posto l&rsquo;obiettivo di ridurre le proprie emissioni climatiche del 40% entro il 2030 e di aumentare l&rsquo;utilizzo di elettricit\u00e0 verde. L&rsquo;impianto solare installato da ADEV \u00e8 un passo importante verso il raggiungimento di questo obiettivo.<br \/>\n\u00ab\u00a0L&rsquo;impianto solare \u00e8 un ottimo esempio di creazione e trasferimento di valore a tutti i nostri stakeholder a favore di una produzione di acciaio ancora pi\u00f9 sostenibile in Svizzera\u00a0\u00bb, ha dichiarato Alain Creteur, CEO di Stahl Gerlafingen. \t\n        <div class=\"bs-5\">\n            <div class=\"swiper-container\"\n                 data-slider-options='{ \"slidesPerView\": 1, \"loop\": true, \"pagination\": { \"el\": \".swiper-pagination\", \"clickable\": true }, \"navigation\": { \"nextEl\": \".swiper-button-next-nav\", \"prevEl\": \".swiper-button-previous-nav\" }, \"autoplay\": { \"delay\": 4500, \"disableOnInteraction\": false }, \"keyboard\": { \"enabled\": true, \"onlyInViewport\": true }, \"effect\": \"slide\" }'>\n                <div class=\"swiper-wrapper\">\n\t\t\t\t\t                        <div class=\"swiper-slide\">\n                            <a href=\"https:\/\/gruppobeltrame.com\/wp-content\/uploads\/2024\/05\/ADEV_Gerlafingen_119_LukasPitsch_DJI_0479-2-002-scaled.jpg\"\n                                data-lightbox=\"lightbox-gallery\">\n                                <img class=\"img-fluid\" style=\"aspect-ratio: 640\/480; object-fit:contain;\"\n                                     src=\"https:\/\/gruppobeltrame.com\/wp-content\/uploads\/2024\/05\/ADEV_Gerlafingen_119_LukasPitsch_DJI_0479-2-002-scaled.jpg\" alt=\"\">\n                            <\/a>\n                        <\/div>\n\t\t\t\t\t                        <div class=\"swiper-slide\">\n                            <a href=\"https:\/\/gruppobeltrame.com\/wp-content\/uploads\/2024\/05\/DJI_0760-scaled.jpg\"\n                                data-lightbox=\"lightbox-gallery\">\n                                <img class=\"img-fluid\" style=\"aspect-ratio: 640\/480; object-fit:contain;\"\n                                     src=\"https:\/\/gruppobeltrame.com\/wp-content\/uploads\/2024\/05\/DJI_0760-scaled.jpg\" alt=\"\">\n                            <\/a>\n                        <\/div>\n\t\t\t\t\t                        <div class=\"swiper-slide\">\n                            <a href=\"https:\/\/gruppobeltrame.com\/wp-content\/uploads\/2024\/05\/ADEV_Gerlafingen_067_LukasPitsch_DJI_0444-002-scaled.jpg\"\n                                data-lightbox=\"lightbox-gallery\">\n                                <img class=\"img-fluid\" style=\"aspect-ratio: 640\/480; object-fit:contain;\"\n                                     src=\"https:\/\/gruppobeltrame.com\/wp-content\/uploads\/2024\/05\/ADEV_Gerlafingen_067_LukasPitsch_DJI_0444-002-scaled.jpg\" alt=\"\">\n                            <\/a>\n                        <\/div>\n\t\t\t\t\t\n\n                <\/div>\n                <!-- start slider pagination -->\n                <!--<div class=\"swiper-pagination swiper-light-pagination\"><\/div>-->\n                <!-- end slider pagination -->\n                <!-- start slider navigation -->\n                <div class=\"swiper-button-next-nav swiper-button-next rounded-circle slider-navigation-style-07\"><i\n                            class=\"feather icon-feather-arrow-right\"><\/i><\/div>\n                <div class=\"swiper-button-previous-nav swiper-button-prev rounded-circle slider-navigation-style-07\"><i\n                            class=\"feather icon-feather-arrow-left\"><\/i><\/div>\n                <!-- end slider navigation -->\n            <\/div>\n        <\/div>\n\t\t <a href=\"https:\/\/gruppobeltrame.com\/wp-content\/uploads\/2024\/05\/Com.-stampa-ADEV_Gerlafingen_Inbetriebnahme_E2-it-002.pdf\">Com. stampa ADEV_Gerlafingen_Inbetriebnahme_E2 it (002)<\/a><\/p>\n<p>","protected":false},"excerpt":{"rendered":"<p>D\u00e9sol\u00e9, cet article est seulement disponible en Italien et Anglais Am\u00e9ricain. Pour le confort de l\u2019utilisateur, le contenu est affich\u00e9 ci-dessous dans la langue par d\u00e9faut du site. Vous pouvez cliquer l\u2019un des liens pour changer la langue du site en une autre langue disponible. Un futuro con pi\u00f9 verde energia: nello stabilimento svizzero di [&hellip;]<\/p>\n","protected":false},"author":180,"featured_media":23515,"comment_status":"closed","ping_status":"closed","sticky":false,"template":"","format":"standard","meta":[],"categories":[1],"tags":[],"_links":{"self":[{"href":"https:\/\/gruppobeltrame.com\/fr\/wp-json\/wp\/v2\/posts\/23514"}],"collection":[{"href":"https:\/\/gruppobeltrame.com\/fr\/wp-json\/wp\/v2\/posts"}],"about":[{"href":"https:\/\/gruppobeltrame.com\/fr\/wp-json\/wp\/v2\/types\/post"}],"author":[{"embeddable":true,"href":"https:\/\/gruppobeltrame.com\/fr\/wp-json\/wp\/v2\/users\/180"}],"replies":[{"embeddable":true,"href":"https:\/\/gruppobeltrame.com\/fr\/wp-json\/wp\/v2\/comments?post=23514"}],"version-history":[{"count":7,"href":"https:\/\/gruppobeltrame.com\/fr\/wp-json\/wp\/v2\/posts\/23514\/revisions"}],"predecessor-version":[{"id":23607,"href":"https:\/\/gruppobeltrame.com\/fr\/wp-json\/wp\/v2\/posts\/23514\/revisions\/23607"}],"wp:featuredmedia":[{"embeddable":true,"href":"https:\/\/gruppobeltrame.com\/fr\/wp-json\/wp\/v2\/media\/23515"}],"wp:attachment":[{"href":"https:\/\/gruppobeltrame.com\/fr\/wp-json\/wp\/v2\/media?parent=23514"}],"wp:term":[{"taxonomy":"category","embeddable":true,"href":"https:\/\/gruppobeltrame.com\/fr\/wp-json\/wp\/v2\/categories?post=23514"},{"taxonomy":"post_tag","embeddable":true,"href":"https:\/\/gruppobeltrame.com\/fr\/wp-json\/wp\/v2\/tags?post=23514"}],"curies":[{"name":"wp","href":"https:\/\/api.w.org\/{rel}","templated":true}]}}