                                                                                                                                                                                                                                                                                                                                                                                                {"id":21403,"date":"2024-02-01T11:03:13","date_gmt":"2024-02-01T10:03:13","guid":{"rendered":"https:\/\/gruppobeltrame.com\/?p=21403"},"modified":"2024-02-06T10:13:56","modified_gmt":"2024-02-06T09:13:56","slug":"afv-beltrame-group-annuncia-lincorporazione-di-idroelettriche-riunite-s-p-a","status":"publish","type":"post","link":"https:\/\/gruppobeltrame.com\/fr\/afv-beltrame-group-annuncia-lincorporazione-di-idroelettriche-riunite-s-p-a\/","title":{"rendered":"AFV Beltrame Group annuncia l\u2019incorporazione di Idroelettriche Riunite S.p.A."},"content":{"rendered":"<p class=\"qtranxs-available-languages-message qtranxs-available-languages-message-fr\">D\u00e9sol\u00e9, cet article est seulement disponible en <a href=\"https:\/\/gruppobeltrame.com\/it\/wp-json\/wp\/v2\/posts\/21403\" class=\"qtranxs-available-language-link qtranxs-available-language-link-it\" title=\"IT\">Italien<\/a> et <a href=\"https:\/\/gruppobeltrame.com\/en\/wp-json\/wp\/v2\/posts\/21403\" class=\"qtranxs-available-language-link qtranxs-available-language-link-en\" title=\"EN\">Anglais Am\u00e9ricain<\/a>. Pour le confort de l\u2019utilisateur, le contenu est affich\u00e9 ci-dessous dans la langue par d\u00e9faut du site. Vous pouvez cliquer l\u2019un des liens pour changer la langue du site en une autre langue disponible.<\/p><p> AFV Beltrame Group annuncia, come pubblicato oggi da Il Sole 24 Ore, l\u2019incorporazione di Idroelettriche Riunite S.p.A., societ\u00e0 operante nella produzione di energia rinnovabile da oltre un secolo, segnando un ulteriore step nel percorso di investimenti per lo sviluppo del piano di #decarbonizzazione. <\/p>\n<p>Spiega <a href=\"https:\/\/www.linkedin.com\/in\/raffaele-ruella-0050ab136\/?lipi=urn%3Ali%3Apage%3Acompanies_company_posts_index%3Bc190b30a-b785-4d0d-b8df-b31b9662d70c\">Raffaele Ruella<\/a>, Managing Director di AFV Beltrame Group: \u00abL\u2019obiettivo di spingere l\u2019acceleratore in ambito #sostenibilit\u00e0 \u00e8 un progetto ampio che ci vede impegnati su pi\u00f9 fronti. Parte sicuramente dall\u2019avere impianti all\u2019avanguardia, efficienti e con emissioni controllate, ponendo allo stesso tempo grande attenzione alle necessit\u00e0 energetiche dei processi. Con l\u2019acquisizione e l\u2019incorporazione di Idroelettriche Riunite rafforziamo, quindi, la strategia rigorosa di riduzione delle #emissionidiCO2 che abbiamo strutturato, tramite l\u2019approvvigionamento di #energia da fonti rinnovabili. Questo ci consentir\u00e0 di realizzare un autoconsumo a distanza e di ridurre significativamente le emissioni di Scope 2, permettendoci al contempo di essere anche sempre pi\u00f9 competitivi nel mercato. \u00c8 importante considerare che l\u2019energia prodotta dalle 12 centrali idroelettriche non sar\u00e0 venduta nel mercato con finalit\u00e0 speculative, ma sar\u00e0 autoconsumata presso i siti produttivi del nostro gruppo\u201d.<\/p>\n<p>Gli impianti idroelettrici di propriet\u00e0 gestiti a partire da Gennaio 2024 sono 12 e sono situati in 10 siti tra Piemonte e Veneto e precisamente a: Carturo (PD), Collicello (VI), Valstagna (VI), Colz\u00e8 (VI), Debba (VI), Agrasina (VB), Cipata (VB), Montecretese (VB), Nuova Ceretti (VB), Pontetto (VB).<br \/>\nSi tratta di centrali di piccola e grande derivazione con una produzione media di 160 GWh\/anno di energia rinnovabile, pari al 30% del fabbisogno energetico degli stabilimenti italiani e che portano ad una riduzione di circa 36.000 tonnellate di Co2 immesse nell\u2019atmosfera.<\/p>\n<p>Per <a href=\"https:\/\/www.linkedin.com\/in\/gianmaria-zanni-a044b740\/?lipi=urn%3Ali%3Apage%3Acompanies_company_posts_index%3Bc190b30a-b785-4d0d-b8df-b31b9662d70c\">Gianmaria Zanni<\/a>, Group Energy Manager: \u201cPer raggiungere questo risultato abbiamo costruito opportuni contratti con trader in autoconsumo a distanza che ci consentiranno una riduzione dei costi di approvvigionamento ma, anche, di stabilizzare i costi. L&rsquo;intero progetto si aggiunge ai piani di #efficientamentoenergetico in essere e condurr\u00e0 ad una valorizzazione del business anche con ulteriori sviluppi. Da menzionare per\u00f2 anche altre importanti iniziative: gli investimenti diretti nel fotovoltaico presso aree di nostra propriet\u00e0 (Veneto e Piemonte), dove stiamo lavorando duramente sui progetti e sulle relative autorizzazioni e la sottoscrizione di contratti long term di energia verde PPA (Power Purchase Agreement) con impianti gi\u00e0 entrati in esercizio. L\u2019ultima iniziativa ma non meno rilevante, \u00e8 stata l\u2019adesione al Consorzio Renewability che grazie agli impianti situati nel Lazio, Abruzzo e Sicilia produrr\u00e0 14 GWh a loro volta autoconsumati a distanza presso i nostri siti produttivi\u201d.<\/p>\n<p><a href=\"https:\/\/gruppobeltrame.com\/wp-content\/uploads\/2024\/02\/Cs_AFV_BELTRAME_GROUP_30_gennaio_2024.pdf\">Clicca qui per leggere il comunicato stampa completo.<\/a><\/p>\n\t\n        <div class=\"bs-5\">\n            <div class=\"swiper-container\"\n                 data-slider-options='{ \"slidesPerView\": 1, \"loop\": true, \"pagination\": { \"el\": \".swiper-pagination\", \"clickable\": true }, \"navigation\": { \"nextEl\": \".swiper-button-next-nav\", \"prevEl\": \".swiper-button-previous-nav\" }, \"autoplay\": { \"delay\": 4500, \"disableOnInteraction\": false }, \"keyboard\": { \"enabled\": true, \"onlyInViewport\": true }, \"effect\": \"slide\" }'>\n                <div class=\"swiper-wrapper\">\n\t\t\t\t\t                        <div class=\"swiper-slide\">\n                            <a href=\"https:\/\/gruppobeltrame.com\/wp-content\/uploads\/2024\/02\/4.png\"\n                                data-lightbox=\"lightbox-gallery\">\n                                <img class=\"img-fluid\" style=\"aspect-ratio: 640\/480; object-fit:contain;\"\n                                     src=\"https:\/\/gruppobeltrame.com\/wp-content\/uploads\/2024\/02\/4.png\" alt=\"\">\n                            <\/a>\n                        <\/div>\n\t\t\t\t\t                        <div class=\"swiper-slide\">\n                            <a href=\"https:\/\/gruppobeltrame.com\/wp-content\/uploads\/2024\/02\/3.png\"\n                                data-lightbox=\"lightbox-gallery\">\n                                <img class=\"img-fluid\" style=\"aspect-ratio: 640\/480; object-fit:contain;\"\n                                     src=\"https:\/\/gruppobeltrame.com\/wp-content\/uploads\/2024\/02\/3.png\" alt=\"\">\n                            <\/a>\n                        <\/div>\n\t\t\t\t\t                        <div class=\"swiper-slide\">\n                            <a href=\"https:\/\/gruppobeltrame.com\/wp-content\/uploads\/2024\/02\/2.png\"\n                                data-lightbox=\"lightbox-gallery\">\n                                <img class=\"img-fluid\" style=\"aspect-ratio: 640\/480; object-fit:contain;\"\n                                     src=\"https:\/\/gruppobeltrame.com\/wp-content\/uploads\/2024\/02\/2.png\" alt=\"\">\n                            <\/a>\n                        <\/div>\n\t\t\t\t\t                        <div class=\"swiper-slide\">\n                            <a href=\"https:\/\/gruppobeltrame.com\/wp-content\/uploads\/2024\/02\/1-1.png\"\n                                data-lightbox=\"lightbox-gallery\">\n                                <img class=\"img-fluid\" style=\"aspect-ratio: 640\/480; object-fit:contain;\"\n                                     src=\"https:\/\/gruppobeltrame.com\/wp-content\/uploads\/2024\/02\/1-1.png\" alt=\"\">\n                            <\/a>\n                        <\/div>\n\t\t\t\t\t\n\n                <\/div>\n                <!-- start slider pagination -->\n                <!--<div class=\"swiper-pagination swiper-light-pagination\"><\/div>-->\n                <!-- end slider pagination -->\n                <!-- start slider navigation -->\n                <div class=\"swiper-button-next-nav swiper-button-next rounded-circle slider-navigation-style-07\"><i\n                            class=\"feather icon-feather-arrow-right\"><\/i><\/div>\n                <div class=\"swiper-button-previous-nav swiper-button-prev rounded-circle slider-navigation-style-07\"><i\n                            class=\"feather icon-feather-arrow-left\"><\/i><\/div>\n                <!-- end slider navigation -->\n            <\/div>\n        <\/div>\n\t\t\n<p>","protected":false},"excerpt":{"rendered":"<p>D\u00e9sol\u00e9, cet article est seulement disponible en Italien et Anglais Am\u00e9ricain. Pour le confort de l\u2019utilisateur, le contenu est affich\u00e9 ci-dessous dans la langue par d\u00e9faut du site. Vous pouvez cliquer l\u2019un des liens pour changer la langue du site en une autre langue disponible. AFV Beltrame Group annuncia, come pubblicato oggi da Il Sole [&hellip;]<\/p>\n","protected":false},"author":180,"featured_media":21404,"comment_status":"open","ping_status":"open","sticky":false,"template":"","format":"standard","meta":[],"categories":[1],"tags":[],"_links":{"self":[{"href":"https:\/\/gruppobeltrame.com\/fr\/wp-json\/wp\/v2\/posts\/21403"}],"collection":[{"href":"https:\/\/gruppobeltrame.com\/fr\/wp-json\/wp\/v2\/posts"}],"about":[{"href":"https:\/\/gruppobeltrame.com\/fr\/wp-json\/wp\/v2\/types\/post"}],"author":[{"embeddable":true,"href":"https:\/\/gruppobeltrame.com\/fr\/wp-json\/wp\/v2\/users\/180"}],"replies":[{"embeddable":true,"href":"https:\/\/gruppobeltrame.com\/fr\/wp-json\/wp\/v2\/comments?post=21403"}],"version-history":[{"count":5,"href":"https:\/\/gruppobeltrame.com\/fr\/wp-json\/wp\/v2\/posts\/21403\/revisions"}],"predecessor-version":[{"id":21502,"href":"https:\/\/gruppobeltrame.com\/fr\/wp-json\/wp\/v2\/posts\/21403\/revisions\/21502"}],"wp:featuredmedia":[{"embeddable":true,"href":"https:\/\/gruppobeltrame.com\/fr\/wp-json\/wp\/v2\/media\/21404"}],"wp:attachment":[{"href":"https:\/\/gruppobeltrame.com\/fr\/wp-json\/wp\/v2\/media?parent=21403"}],"wp:term":[{"taxonomy":"category","embeddable":true,"href":"https:\/\/gruppobeltrame.com\/fr\/wp-json\/wp\/v2\/categories?post=21403"},{"taxonomy":"post_tag","embeddable":true,"href":"https:\/\/gruppobeltrame.com\/fr\/wp-json\/wp\/v2\/tags?post=21403"}],"curies":[{"name":"wp","href":"https:\/\/api.w.org\/{rel}","templated":true}]}}