                                                                                                                                                                                                                                                                                                                                                                                                {"id":2085,"date":"2018-09-10T16:04:10","date_gmt":"2018-09-10T14:04:10","guid":{"rendered":"https:\/\/gruppobeltrame.com\/?p=2085"},"modified":"2018-09-12T16:04:22","modified_gmt":"2018-09-12T14:04:22","slug":"afv-beltrame-group-primo-classificato-nella-categoria-sicurezza-al-37-convegno-aim","status":"publish","type":"post","link":"https:\/\/gruppobeltrame.com\/fr\/afv-beltrame-group-primo-classificato-nella-categoria-sicurezza-al-37-convegno-aim\/","title":{"rendered":"AFV Beltrame Group primo classificato nella categoria Sicurezza al 37\u00b0 Convegno AIM"},"content":{"rendered":"<p class=\"qtranxs-available-languages-message qtranxs-available-languages-message-fr\">D\u00e9sol\u00e9, cet article est seulement disponible en <a href=\"https:\/\/gruppobeltrame.com\/it\/wp-json\/wp\/v2\/posts\/2085\" class=\"qtranxs-available-language-link qtranxs-available-language-link-it\" title=\"IT\">Italien<\/a> et <a href=\"https:\/\/gruppobeltrame.com\/en\/wp-json\/wp\/v2\/posts\/2085\" class=\"qtranxs-available-language-link qtranxs-available-language-link-en\" title=\"EN\">Anglais Am\u00e9ricain<\/a>. Pour le confort de l\u2019utilisateur, le contenu est affich\u00e9 ci-dessous dans la langue par d\u00e9faut du site. Vous pouvez cliquer l\u2019un des liens pour changer la langue du site en une autre langue disponible.<\/p><p> La Scuola di Ingegneria e Architettura dell&rsquo;Universit\u00e0 di Bologna ospiter\u00e0 la 37\u00aa edizione del Convegno Nazionale organizzato dall&rsquo;Associazione Italiana di Metallurgia (AIM) dal 12 al 14 settembre. Un workshop di 3 giorni, con particolare attenzione alle tendenze e alle innovazioni nei settori automotive, packaging e della meccanica. AFV Beltrame Group sar\u00e0 premiata per il progetto \u00ab\u00a0EHS REPORTS MANAGEMENT SOFTWARE\u00a0\u00bb, primo classificato nella categoria Sicurezza <\/p>","protected":false},"excerpt":{"rendered":"<p>D\u00e9sol\u00e9, cet article est seulement disponible en Italien et Anglais Am\u00e9ricain. Pour le confort de l\u2019utilisateur, le contenu est affich\u00e9 ci-dessous dans la langue par d\u00e9faut du site. Vous pouvez cliquer l\u2019un des liens pour changer la langue du site en une autre langue disponible. La Scuola di Ingegneria e Architettura dell&rsquo;Universit\u00e0 di Bologna ospiter\u00e0 [&hellip;]<\/p>\n","protected":false},"author":180,"featured_media":2086,"comment_status":"open","ping_status":"open","sticky":false,"template":"","format":"standard","meta":[],"categories":[1],"tags":[],"_links":{"self":[{"href":"https:\/\/gruppobeltrame.com\/fr\/wp-json\/wp\/v2\/posts\/2085"}],"collection":[{"href":"https:\/\/gruppobeltrame.com\/fr\/wp-json\/wp\/v2\/posts"}],"about":[{"href":"https:\/\/gruppobeltrame.com\/fr\/wp-json\/wp\/v2\/types\/post"}],"author":[{"embeddable":true,"href":"https:\/\/gruppobeltrame.com\/fr\/wp-json\/wp\/v2\/users\/180"}],"replies":[{"embeddable":true,"href":"https:\/\/gruppobeltrame.com\/fr\/wp-json\/wp\/v2\/comments?post=2085"}],"version-history":[{"count":0,"href":"https:\/\/gruppobeltrame.com\/fr\/wp-json\/wp\/v2\/posts\/2085\/revisions"}],"wp:featuredmedia":[{"embeddable":true,"href":"https:\/\/gruppobeltrame.com\/fr\/wp-json\/wp\/v2\/media\/2086"}],"wp:attachment":[{"href":"https:\/\/gruppobeltrame.com\/fr\/wp-json\/wp\/v2\/media?parent=2085"}],"wp:term":[{"taxonomy":"category","embeddable":true,"href":"https:\/\/gruppobeltrame.com\/fr\/wp-json\/wp\/v2\/categories?post=2085"},{"taxonomy":"post_tag","embeddable":true,"href":"https:\/\/gruppobeltrame.com\/fr\/wp-json\/wp\/v2\/tags?post=2085"}],"curies":[{"name":"wp","href":"https:\/\/api.w.org\/{rel}","templated":true}]}}