                                                                                                                                                                                                                                                                                                                                                                                                {"id":20742,"date":"2023-12-15T11:09:52","date_gmt":"2023-12-15T10:09:52","guid":{"rendered":"https:\/\/gruppobeltrame.com\/?p=20742"},"modified":"2023-12-18T11:15:56","modified_gmt":"2023-12-18T10:15:56","slug":"percorsi-di-decarbonizzazione-strategie-e-approfondimenti-per-il-2023-il-nuovo-report","status":"publish","type":"post","link":"https:\/\/gruppobeltrame.com\/fr\/percorsi-di-decarbonizzazione-strategie-e-approfondimenti-per-il-2023-il-nuovo-report\/","title":{"rendered":"\u00ab\u00a0Percorsi di decarbonizzazione: strategie e approfondimenti per il 2023\u00a0\u00bb il nuovo report"},"content":{"rendered":"<p class=\"qtranxs-available-languages-message qtranxs-available-languages-message-fr\">D\u00e9sol\u00e9, cet article est seulement disponible en <a href=\"https:\/\/gruppobeltrame.com\/it\/wp-json\/wp\/v2\/posts\/20742\" class=\"qtranxs-available-language-link qtranxs-available-language-link-it\" title=\"IT\">Italien<\/a> et <a href=\"https:\/\/gruppobeltrame.com\/en\/wp-json\/wp\/v2\/posts\/20742\" class=\"qtranxs-available-language-link qtranxs-available-language-link-en\" title=\"EN\">Anglais Am\u00e9ricain<\/a>. Pour le confort de l\u2019utilisateur, le contenu est affich\u00e9 ci-dessous dans la langue par d\u00e9faut du site. Vous pouvez cliquer l\u2019un des liens pour changer la langue du site en une autre langue disponible.<\/p><p> La necessit\u00e0 di accelerare la decarbonizzazione e di realizzare una crescita sostenibile per raggiungere gli obiettivi globali di riduzione delle emissioni di CO2 \u00e8 per noi una priorit\u00e0.<\/p>\n<p>Un&rsquo;industria dell&rsquo;acciaio a bassa impronta di carbonio richiede sforzi condivisi, una pi\u00f9 stretta collaborazione con i partner, chiarezza di visione e strategia.<\/p>\n<p>Scoprite come abbiamo affrontato tutti questi passaggi e cosa abbiamo pianificato per perseguire i difficili obiettivi di sostenibilit\u00e0 che tutti dobbiamo affrontare.<\/p>\n<p><a href=\"https:\/\/gruppobeltrame.com\/chalibria\/lidea\/\">Scaricate qui il nuovo report<\/a>: \u00ab\u00a0Percorsi di decarbonizzazione: strategie e approfondimenti per il 2023\u00a0\u00bb.<\/p>\n<p>","protected":false},"excerpt":{"rendered":"<p>D\u00e9sol\u00e9, cet article est seulement disponible en Italien et Anglais Am\u00e9ricain. Pour le confort de l\u2019utilisateur, le contenu est affich\u00e9 ci-dessous dans la langue par d\u00e9faut du site. Vous pouvez cliquer l\u2019un des liens pour changer la langue du site en une autre langue disponible. La necessit\u00e0 di accelerare la decarbonizzazione e di realizzare una [&hellip;]<\/p>\n","protected":false},"author":180,"featured_media":20743,"comment_status":"open","ping_status":"open","sticky":false,"template":"","format":"standard","meta":[],"categories":[1],"tags":[],"_links":{"self":[{"href":"https:\/\/gruppobeltrame.com\/fr\/wp-json\/wp\/v2\/posts\/20742"}],"collection":[{"href":"https:\/\/gruppobeltrame.com\/fr\/wp-json\/wp\/v2\/posts"}],"about":[{"href":"https:\/\/gruppobeltrame.com\/fr\/wp-json\/wp\/v2\/types\/post"}],"author":[{"embeddable":true,"href":"https:\/\/gruppobeltrame.com\/fr\/wp-json\/wp\/v2\/users\/180"}],"replies":[{"embeddable":true,"href":"https:\/\/gruppobeltrame.com\/fr\/wp-json\/wp\/v2\/comments?post=20742"}],"version-history":[{"count":3,"href":"https:\/\/gruppobeltrame.com\/fr\/wp-json\/wp\/v2\/posts\/20742\/revisions"}],"predecessor-version":[{"id":20745,"href":"https:\/\/gruppobeltrame.com\/fr\/wp-json\/wp\/v2\/posts\/20742\/revisions\/20745"}],"wp:featuredmedia":[{"embeddable":true,"href":"https:\/\/gruppobeltrame.com\/fr\/wp-json\/wp\/v2\/media\/20743"}],"wp:attachment":[{"href":"https:\/\/gruppobeltrame.com\/fr\/wp-json\/wp\/v2\/media?parent=20742"}],"wp:term":[{"taxonomy":"category","embeddable":true,"href":"https:\/\/gruppobeltrame.com\/fr\/wp-json\/wp\/v2\/categories?post=20742"},{"taxonomy":"post_tag","embeddable":true,"href":"https:\/\/gruppobeltrame.com\/fr\/wp-json\/wp\/v2\/tags?post=20742"}],"curies":[{"name":"wp","href":"https:\/\/api.w.org\/{rel}","templated":true}]}}