                                                                                                                                                                                                                                                                                                                                                                                                {"id":19749,"date":"2023-10-30T12:42:52","date_gmt":"2023-10-30T11:42:52","guid":{"rendered":"https:\/\/gruppobeltrame.com\/?p=19749"},"modified":"2023-10-30T12:42:52","modified_gmt":"2023-10-30T11:42:52","slug":"net-zero-industry-act-notizie-positive-per-lo-sviluppo-del-mercato-chalibria","status":"publish","type":"post","link":"https:\/\/gruppobeltrame.com\/fr\/net-zero-industry-act-notizie-positive-per-lo-sviluppo-del-mercato-chalibria\/","title":{"rendered":"Net-Zero industry act: Notizie positive per lo sviluppo del mercato Chalibria"},"content":{"rendered":"<p class=\"qtranxs-available-languages-message qtranxs-available-languages-message-fr\">D\u00e9sol\u00e9, cet article est seulement disponible en <a href=\"https:\/\/gruppobeltrame.com\/it\/wp-json\/wp\/v2\/posts\/19749\" class=\"qtranxs-available-language-link qtranxs-available-language-link-it\" title=\"IT\">Italien<\/a> et <a href=\"https:\/\/gruppobeltrame.com\/en\/wp-json\/wp\/v2\/posts\/19749\" class=\"qtranxs-available-language-link qtranxs-available-language-link-en\" title=\"EN\">Anglais Am\u00e9ricain<\/a>. Pour le confort de l\u2019utilisateur, le contenu est affich\u00e9 ci-dessous dans la langue par d\u00e9faut du site. Vous pouvez cliquer l\u2019un des liens pour changer la langue du site en une autre langue disponible.<\/p><p> Recentemente, la Commissione Industria dell&rsquo;UE ha proposto di ampliare il \u00ab\u00a0<a href=\"https:\/\/www.europarl.europa.eu\/news\/it\/press-room\/20231023IPR08159\/meps-back-plans-to-boost-europe-s-net-zero-technology-production\">Net-Zero industry act<\/a>\u00ab\u00a0: \u00ab\u00a0per includere l&rsquo;intera catena di fornitura nella produzione di tecnologie necessarie per la #decarbonizzazione\u00a0\u00bb.<\/p>\n<p>Una notizia positiva per lo sviluppo del mercato #Chalibria, l&rsquo;acciaio carbon neutral di AFV Beltrame Group, che contribuir\u00e0 alla riduzione dell&rsquo;impronta carbonica Scope 3 dei macchinari e alla promozione degli #approvvigionamenti verdi.<\/p>\n<p>","protected":false},"excerpt":{"rendered":"<p>D\u00e9sol\u00e9, cet article est seulement disponible en Italien et Anglais Am\u00e9ricain. Pour le confort de l\u2019utilisateur, le contenu est affich\u00e9 ci-dessous dans la langue par d\u00e9faut du site. Vous pouvez cliquer l\u2019un des liens pour changer la langue du site en une autre langue disponible. Recentemente, la Commissione Industria dell&rsquo;UE ha proposto di ampliare il [&hellip;]<\/p>\n","protected":false},"author":180,"featured_media":19750,"comment_status":"open","ping_status":"open","sticky":false,"template":"","format":"standard","meta":[],"categories":[1],"tags":[],"_links":{"self":[{"href":"https:\/\/gruppobeltrame.com\/fr\/wp-json\/wp\/v2\/posts\/19749"}],"collection":[{"href":"https:\/\/gruppobeltrame.com\/fr\/wp-json\/wp\/v2\/posts"}],"about":[{"href":"https:\/\/gruppobeltrame.com\/fr\/wp-json\/wp\/v2\/types\/post"}],"author":[{"embeddable":true,"href":"https:\/\/gruppobeltrame.com\/fr\/wp-json\/wp\/v2\/users\/180"}],"replies":[{"embeddable":true,"href":"https:\/\/gruppobeltrame.com\/fr\/wp-json\/wp\/v2\/comments?post=19749"}],"version-history":[{"count":1,"href":"https:\/\/gruppobeltrame.com\/fr\/wp-json\/wp\/v2\/posts\/19749\/revisions"}],"predecessor-version":[{"id":19751,"href":"https:\/\/gruppobeltrame.com\/fr\/wp-json\/wp\/v2\/posts\/19749\/revisions\/19751"}],"wp:featuredmedia":[{"embeddable":true,"href":"https:\/\/gruppobeltrame.com\/fr\/wp-json\/wp\/v2\/media\/19750"}],"wp:attachment":[{"href":"https:\/\/gruppobeltrame.com\/fr\/wp-json\/wp\/v2\/media?parent=19749"}],"wp:term":[{"taxonomy":"category","embeddable":true,"href":"https:\/\/gruppobeltrame.com\/fr\/wp-json\/wp\/v2\/categories?post=19749"},{"taxonomy":"post_tag","embeddable":true,"href":"https:\/\/gruppobeltrame.com\/fr\/wp-json\/wp\/v2\/tags?post=19749"}],"curies":[{"name":"wp","href":"https:\/\/api.w.org\/{rel}","templated":true}]}}