                                                                                                                                                                                                                                                                                                                                                                                                {"id":19372,"date":"2023-10-11T15:21:40","date_gmt":"2023-10-11T13:21:40","guid":{"rendered":"https:\/\/gruppobeltrame.com\/?p=19372"},"modified":"2023-10-11T15:21:40","modified_gmt":"2023-10-11T13:21:40","slug":"congratulazioni-a-barbare-beltrame-per-la-nuova-nomina","status":"publish","type":"post","link":"https:\/\/gruppobeltrame.com\/fr\/congratulazioni-a-barbare-beltrame-per-la-nuova-nomina\/","title":{"rendered":"Congratulazioni a Barbare Beltrame per la nuova nomina"},"content":{"rendered":"<p class=\"qtranxs-available-languages-message qtranxs-available-languages-message-fr\">D\u00e9sol\u00e9, cet article est seulement disponible en <a href=\"https:\/\/gruppobeltrame.com\/it\/wp-json\/wp\/v2\/posts\/19372\" class=\"qtranxs-available-language-link qtranxs-available-language-link-it\" title=\"IT\">Italien<\/a> et <a href=\"https:\/\/gruppobeltrame.com\/en\/wp-json\/wp\/v2\/posts\/19372\" class=\"qtranxs-available-language-link qtranxs-available-language-link-en\" title=\"EN\">Anglais Am\u00e9ricain<\/a>. Pour le confort de l\u2019utilisateur, le contenu est affich\u00e9 ci-dessous dans la langue par d\u00e9faut du site. Vous pouvez cliquer l\u2019un des liens pour changer la langue du site en une autre langue disponible.<\/p><p> Congratulazioni, da tutti noi di AFV Beltrame Group, a <a href=\"https:\/\/www.linkedin.com\/posts\/barbarabeltramegiacomello_formazione-manager-progresso-activity-7117787231855009793-IZz2?utm_source=share&#038;utm_medium=member_desktop\">Barbara Beltrame Giacomello<\/a>  per essere stata nominata Vice Presidente esecutivo del cda dell\u2019<a href=\"https:\/\/www.linkedin.com\/company\/luiss-guido-carli-university\/?lipi=urn%3Ali%3Apage%3Ad_flagship3_detail_base%3BgV%2Fwu2v%2FTh%2BvEdZfP4o5vA%3D%3D\">Universit\u00e0 Luiss Guido Carli University<\/a>, la Libera Universit\u00e0 Internazionale degli Studi Sociali Guido Carli, prestigioso ateneo romano specializzato nell\u2019offrire una formazione di alto livello con i suoi corsi in Economia e Finanza, Business e Management, Giurisprudenza e Scienze Politiche.<\/p>\n<p>","protected":false},"excerpt":{"rendered":"<p>D\u00e9sol\u00e9, cet article est seulement disponible en Italien et Anglais Am\u00e9ricain. Pour le confort de l\u2019utilisateur, le contenu est affich\u00e9 ci-dessous dans la langue par d\u00e9faut du site. Vous pouvez cliquer l\u2019un des liens pour changer la langue du site en une autre langue disponible. Congratulazioni, da tutti noi di AFV Beltrame Group, a Barbara [&hellip;]<\/p>\n","protected":false},"author":180,"featured_media":19373,"comment_status":"open","ping_status":"open","sticky":false,"template":"","format":"standard","meta":[],"categories":[1],"tags":[],"_links":{"self":[{"href":"https:\/\/gruppobeltrame.com\/fr\/wp-json\/wp\/v2\/posts\/19372"}],"collection":[{"href":"https:\/\/gruppobeltrame.com\/fr\/wp-json\/wp\/v2\/posts"}],"about":[{"href":"https:\/\/gruppobeltrame.com\/fr\/wp-json\/wp\/v2\/types\/post"}],"author":[{"embeddable":true,"href":"https:\/\/gruppobeltrame.com\/fr\/wp-json\/wp\/v2\/users\/180"}],"replies":[{"embeddable":true,"href":"https:\/\/gruppobeltrame.com\/fr\/wp-json\/wp\/v2\/comments?post=19372"}],"version-history":[{"count":2,"href":"https:\/\/gruppobeltrame.com\/fr\/wp-json\/wp\/v2\/posts\/19372\/revisions"}],"predecessor-version":[{"id":19375,"href":"https:\/\/gruppobeltrame.com\/fr\/wp-json\/wp\/v2\/posts\/19372\/revisions\/19375"}],"wp:featuredmedia":[{"embeddable":true,"href":"https:\/\/gruppobeltrame.com\/fr\/wp-json\/wp\/v2\/media\/19373"}],"wp:attachment":[{"href":"https:\/\/gruppobeltrame.com\/fr\/wp-json\/wp\/v2\/media?parent=19372"}],"wp:term":[{"taxonomy":"category","embeddable":true,"href":"https:\/\/gruppobeltrame.com\/fr\/wp-json\/wp\/v2\/categories?post=19372"},{"taxonomy":"post_tag","embeddable":true,"href":"https:\/\/gruppobeltrame.com\/fr\/wp-json\/wp\/v2\/tags?post=19372"}],"curies":[{"name":"wp","href":"https:\/\/api.w.org\/{rel}","templated":true}]}}