                                                                                                                                                                                                                                                                                                                                                                                                {"id":19223,"date":"2023-10-06T10:21:10","date_gmt":"2023-10-06T08:21:10","guid":{"rendered":"https:\/\/gruppobeltrame.com\/?p=19223"},"modified":"2023-10-06T10:21:10","modified_gmt":"2023-10-06T08:21:10","slug":"assofermet-beltrame-racconta-il-suo-percorso-di-decarbonizzazione-al-convegno-autunnale","status":"publish","type":"post","link":"https:\/\/gruppobeltrame.com\/fr\/assofermet-beltrame-racconta-il-suo-percorso-di-decarbonizzazione-al-convegno-autunnale\/","title":{"rendered":"Assofermet: Beltrame racconta il suo percorso di decarbonizzazione al convegno autunnale"},"content":{"rendered":"<p class=\"qtranxs-available-languages-message qtranxs-available-languages-message-fr\">D\u00e9sol\u00e9, cet article est seulement disponible en <a href=\"https:\/\/gruppobeltrame.com\/it\/wp-json\/wp\/v2\/posts\/19223\" class=\"qtranxs-available-language-link qtranxs-available-language-link-it\" title=\"IT\">Italien<\/a> et <a href=\"https:\/\/gruppobeltrame.com\/en\/wp-json\/wp\/v2\/posts\/19223\" class=\"qtranxs-available-language-link qtranxs-available-language-link-en\" title=\"EN\">Anglais Am\u00e9ricain<\/a>. Pour le confort de l\u2019utilisateur, le contenu est affich\u00e9 ci-dessous dans la langue par d\u00e9faut du site. Vous pouvez cliquer l\u2019un des liens pour changer la langue du site en une autre langue disponible.<\/p><p> Si terr\u00e0 questa mattina il Convegno Autunnale di <a href=\"https:\/\/www.linkedin.com\/company\/assofermet\/?lipi=urn%3Ali%3Apage%3Ad_flagship3_feed%3BSBPzVJ3uQtmOtn1ixUE0Jw%3D%3D\">Assofermet<\/a>; \u00ab\u00a0Going green: l&rsquo;onda che investe le imprese e cambia i paradigmi\u00a0\u00bb, nella sede di Confcommercio, a Roma.<\/p>\n<p>#sostenibilit\u00e0, #siderurgia, #economiacircolare e come le grandi tendenze globali impattano l&rsquo;economia italiana e internazionale i temi trattati.<\/p>\n<p>A raccontare il percorso di #decarbonizzazione intrapreso da AFV Beltrame Group e le sfide dell&rsquo;acciaio a forno elettrico, <a href=\"https:\/\/www.linkedin.com\/in\/ACoAAA0JxW0BQ7bENwVMx4g8IpuENfRYzlWv5cU?lipi=urn%3Ali%3Apage%3Ad_flagship3_feed%3BSBPzVJ3uQtmOtn1ixUE0Jw%3D%3D\">Enrico Fornelli<\/a>, CCO e <a href=\"https:\/\/www.linkedin.com\/in\/ACoAAApH96UBhaB0VpINIKnHfAlrN5PaBJsuOII?lipi=urn%3Ali%3Apage%3Ad_flagship3_feed%3BSBPzVJ3uQtmOtn1ixUE0Jw%3D%3D\">Giovan Battista Landra<\/a>, Group Sustainability &#038; Environment Director.<\/p>\n<p>","protected":false},"excerpt":{"rendered":"<p>D\u00e9sol\u00e9, cet article est seulement disponible en Italien et Anglais Am\u00e9ricain. Pour le confort de l\u2019utilisateur, le contenu est affich\u00e9 ci-dessous dans la langue par d\u00e9faut du site. Vous pouvez cliquer l\u2019un des liens pour changer la langue du site en une autre langue disponible. Si terr\u00e0 questa mattina il Convegno Autunnale di Assofermet; \u00ab\u00a0Going [&hellip;]<\/p>\n","protected":false},"author":180,"featured_media":19224,"comment_status":"open","ping_status":"open","sticky":false,"template":"","format":"standard","meta":[],"categories":[1],"tags":[],"_links":{"self":[{"href":"https:\/\/gruppobeltrame.com\/fr\/wp-json\/wp\/v2\/posts\/19223"}],"collection":[{"href":"https:\/\/gruppobeltrame.com\/fr\/wp-json\/wp\/v2\/posts"}],"about":[{"href":"https:\/\/gruppobeltrame.com\/fr\/wp-json\/wp\/v2\/types\/post"}],"author":[{"embeddable":true,"href":"https:\/\/gruppobeltrame.com\/fr\/wp-json\/wp\/v2\/users\/180"}],"replies":[{"embeddable":true,"href":"https:\/\/gruppobeltrame.com\/fr\/wp-json\/wp\/v2\/comments?post=19223"}],"version-history":[{"count":1,"href":"https:\/\/gruppobeltrame.com\/fr\/wp-json\/wp\/v2\/posts\/19223\/revisions"}],"predecessor-version":[{"id":19226,"href":"https:\/\/gruppobeltrame.com\/fr\/wp-json\/wp\/v2\/posts\/19223\/revisions\/19226"}],"wp:featuredmedia":[{"embeddable":true,"href":"https:\/\/gruppobeltrame.com\/fr\/wp-json\/wp\/v2\/media\/19224"}],"wp:attachment":[{"href":"https:\/\/gruppobeltrame.com\/fr\/wp-json\/wp\/v2\/media?parent=19223"}],"wp:term":[{"taxonomy":"category","embeddable":true,"href":"https:\/\/gruppobeltrame.com\/fr\/wp-json\/wp\/v2\/categories?post=19223"},{"taxonomy":"post_tag","embeddable":true,"href":"https:\/\/gruppobeltrame.com\/fr\/wp-json\/wp\/v2\/tags?post=19223"}],"curies":[{"name":"wp","href":"https:\/\/api.w.org\/{rel}","templated":true}]}}