                                                                                                                                                                                                                                                                                                                                                                                                {"id":18684,"date":"2023-09-05T09:40:37","date_gmt":"2023-09-05T07:40:37","guid":{"rendered":"https:\/\/gruppobeltrame.com\/?p=18684"},"modified":"2023-09-07T15:45:23","modified_gmt":"2023-09-07T13:45:23","slug":"pubblicato-il-nostro-ultimo-bilancio-di-sostenibilita","status":"publish","type":"post","link":"https:\/\/gruppobeltrame.com\/fr\/pubblicato-il-nostro-ultimo-bilancio-di-sostenibilita\/","title":{"rendered":"Pubblicato il nostro ultimo bilancio di Sostenibilit\u00e0!"},"content":{"rendered":"<p class=\"qtranxs-available-languages-message qtranxs-available-languages-message-fr\">D\u00e9sol\u00e9, cet article est seulement disponible en <a href=\"https:\/\/gruppobeltrame.com\/it\/wp-json\/wp\/v2\/posts\/18684\" class=\"qtranxs-available-language-link qtranxs-available-language-link-it\" title=\"IT\">Italien<\/a> et <a href=\"https:\/\/gruppobeltrame.com\/en\/wp-json\/wp\/v2\/posts\/18684\" class=\"qtranxs-available-language-link qtranxs-available-language-link-en\" title=\"EN\">Anglais Am\u00e9ricain<\/a>. Pour le confort de l\u2019utilisateur, le contenu est affich\u00e9 ci-dessous dans la langue par d\u00e9faut du site. Vous pouvez cliquer l\u2019un des liens pour changer la langue du site en une autre langue disponible.<\/p><p> \u00c8 online il nostro ultimo bilancio di #sostenibilit\u00e0!<\/p>\n<p>Siamo lieti di presentare i progressi compiuti dal Gruppo nel 2022, un anno particolarmente importante per tutti i progetti in cui siamo stati coinvolti.<\/p>\n<p><a href=\"https:\/\/www.linkedin.com\/posts\/afvbeltramegroup_sustainability-afvbeltramegroup-sustainability-activity-7104366585053650945-Z7lo?utm_source=share&#038;utm_medium=member_desktop\">Clicca qui per vedere l&rsquo;anteprima!<\/a><\/p>\n<p>","protected":false},"excerpt":{"rendered":"<p>D\u00e9sol\u00e9, cet article est seulement disponible en Italien et Anglais Am\u00e9ricain. Pour le confort de l\u2019utilisateur, le contenu est affich\u00e9 ci-dessous dans la langue par d\u00e9faut du site. Vous pouvez cliquer l\u2019un des liens pour changer la langue du site en une autre langue disponible. \u00c8 online il nostro ultimo bilancio di #sostenibilit\u00e0! Siamo lieti [&hellip;]<\/p>\n","protected":false},"author":180,"featured_media":18685,"comment_status":"open","ping_status":"open","sticky":false,"template":"","format":"standard","meta":[],"categories":[1],"tags":[],"_links":{"self":[{"href":"https:\/\/gruppobeltrame.com\/fr\/wp-json\/wp\/v2\/posts\/18684"}],"collection":[{"href":"https:\/\/gruppobeltrame.com\/fr\/wp-json\/wp\/v2\/posts"}],"about":[{"href":"https:\/\/gruppobeltrame.com\/fr\/wp-json\/wp\/v2\/types\/post"}],"author":[{"embeddable":true,"href":"https:\/\/gruppobeltrame.com\/fr\/wp-json\/wp\/v2\/users\/180"}],"replies":[{"embeddable":true,"href":"https:\/\/gruppobeltrame.com\/fr\/wp-json\/wp\/v2\/comments?post=18684"}],"version-history":[{"count":1,"href":"https:\/\/gruppobeltrame.com\/fr\/wp-json\/wp\/v2\/posts\/18684\/revisions"}],"predecessor-version":[{"id":18686,"href":"https:\/\/gruppobeltrame.com\/fr\/wp-json\/wp\/v2\/posts\/18684\/revisions\/18686"}],"wp:featuredmedia":[{"embeddable":true,"href":"https:\/\/gruppobeltrame.com\/fr\/wp-json\/wp\/v2\/media\/18685"}],"wp:attachment":[{"href":"https:\/\/gruppobeltrame.com\/fr\/wp-json\/wp\/v2\/media?parent=18684"}],"wp:term":[{"taxonomy":"category","embeddable":true,"href":"https:\/\/gruppobeltrame.com\/fr\/wp-json\/wp\/v2\/categories?post=18684"},{"taxonomy":"post_tag","embeddable":true,"href":"https:\/\/gruppobeltrame.com\/fr\/wp-json\/wp\/v2\/tags?post=18684"}],"curies":[{"name":"wp","href":"https:\/\/api.w.org\/{rel}","templated":true}]}}