                                                                                                                                                                                                                                                                                                                                                                                                {"id":18244,"date":"2023-07-25T11:35:19","date_gmt":"2023-07-25T09:35:19","guid":{"rendered":"https:\/\/gruppobeltrame.com\/?p=18244"},"modified":"2023-07-25T11:35:19","modified_gmt":"2023-07-25T09:35:19","slug":"la-scelta-giusta-ogni-giorno-la-scelta-della-sicurezza","status":"publish","type":"post","link":"https:\/\/gruppobeltrame.com\/fr\/la-scelta-giusta-ogni-giorno-la-scelta-della-sicurezza\/","title":{"rendered":"La scelta giusta ogni giorno: la scelta della sicurezza"},"content":{"rendered":"<p class=\"qtranxs-available-languages-message qtranxs-available-languages-message-fr\">D\u00e9sol\u00e9, cet article est seulement disponible en <a href=\"https:\/\/gruppobeltrame.com\/it\/wp-json\/wp\/v2\/posts\/18244\" class=\"qtranxs-available-language-link qtranxs-available-language-link-it\" title=\"IT\">Italien<\/a> et <a href=\"https:\/\/gruppobeltrame.com\/en\/wp-json\/wp\/v2\/posts\/18244\" class=\"qtranxs-available-language-link qtranxs-available-language-link-en\" title=\"EN\">Anglais Am\u00e9ricain<\/a>. Pour le confort de l\u2019utilisateur, le contenu est affich\u00e9 ci-dessous dans la langue par d\u00e9faut du site. Vous pouvez cliquer l\u2019un des liens pour changer la langue du site en une autre langue disponible.<\/p><p> \u00ab\u00a0Con il Safety Day abbiamo sensibilizzato tutti noi ad essere parte attiva nel garantire un\u2019efficace prevenzione dei rischi, promuovendo una gestione partecipativa ed efficace dei processi.<\/p>\n<p>Sta a noi decidere di agire in modo responsabile e di rafforzare i comportamenti e le prassi virtuose facendo la scelta giusta ogni giorno: la scelta della sicurezza\u00a0\u00bb.<\/p>\n<p><a href=\"https:\/\/www.rocknsafe.com\/safety-day-afv-beltrame\/\">Leggi qui l&rsquo;intervista completa<\/a> a <a href=\"https:\/\/www.linkedin.com\/in\/ACoAACxy07UBLbEXjpWPkI89unAZZLMG0cjuWds?lipi=urn%3Ali%3Apage%3Ad_flagship3_feed%3BQVbVtWKbQQKY%2BysYTWTicA%3D%3D\">Stefania Beltrame Giacomello<\/a> e <a href=\"https:\/\/www.linkedin.com\/in\/ACoAABmlhRUB-dOpbpUhXfRjsz7d11GGEdezMSM?lipi=urn%3Ali%3Apage%3Ad_flagship3_feed%3BQVbVtWKbQQKY%2BysYTWTicA%3D%3D\">Alessandra Centofante<\/a><\/p>\n<p>","protected":false},"excerpt":{"rendered":"<p>D\u00e9sol\u00e9, cet article est seulement disponible en Italien et Anglais Am\u00e9ricain. Pour le confort de l\u2019utilisateur, le contenu est affich\u00e9 ci-dessous dans la langue par d\u00e9faut du site. Vous pouvez cliquer l\u2019un des liens pour changer la langue du site en une autre langue disponible. \u00ab\u00a0Con il Safety Day abbiamo sensibilizzato tutti noi ad essere [&hellip;]<\/p>\n","protected":false},"author":180,"featured_media":18245,"comment_status":"open","ping_status":"open","sticky":false,"template":"","format":"standard","meta":[],"categories":[1],"tags":[],"_links":{"self":[{"href":"https:\/\/gruppobeltrame.com\/fr\/wp-json\/wp\/v2\/posts\/18244"}],"collection":[{"href":"https:\/\/gruppobeltrame.com\/fr\/wp-json\/wp\/v2\/posts"}],"about":[{"href":"https:\/\/gruppobeltrame.com\/fr\/wp-json\/wp\/v2\/types\/post"}],"author":[{"embeddable":true,"href":"https:\/\/gruppobeltrame.com\/fr\/wp-json\/wp\/v2\/users\/180"}],"replies":[{"embeddable":true,"href":"https:\/\/gruppobeltrame.com\/fr\/wp-json\/wp\/v2\/comments?post=18244"}],"version-history":[{"count":2,"href":"https:\/\/gruppobeltrame.com\/fr\/wp-json\/wp\/v2\/posts\/18244\/revisions"}],"predecessor-version":[{"id":18247,"href":"https:\/\/gruppobeltrame.com\/fr\/wp-json\/wp\/v2\/posts\/18244\/revisions\/18247"}],"wp:featuredmedia":[{"embeddable":true,"href":"https:\/\/gruppobeltrame.com\/fr\/wp-json\/wp\/v2\/media\/18245"}],"wp:attachment":[{"href":"https:\/\/gruppobeltrame.com\/fr\/wp-json\/wp\/v2\/media?parent=18244"}],"wp:term":[{"taxonomy":"category","embeddable":true,"href":"https:\/\/gruppobeltrame.com\/fr\/wp-json\/wp\/v2\/categories?post=18244"},{"taxonomy":"post_tag","embeddable":true,"href":"https:\/\/gruppobeltrame.com\/fr\/wp-json\/wp\/v2\/tags?post=18244"}],"curies":[{"name":"wp","href":"https:\/\/api.w.org\/{rel}","templated":true}]}}