                                                                                                                                                                                                                                                                                                                                                                                                {"id":1670,"date":"2018-03-19T09:30:24","date_gmt":"2018-03-19T08:30:24","guid":{"rendered":"https:\/\/gruppobeltrame.com\/?p=1670"},"modified":"2018-03-23T09:30:44","modified_gmt":"2018-03-23T08:30:44","slug":"aggiornamento-della-dichiarazione-ambientale-di-prodotto-per-i-laminati-mercantili-di-afv","status":"publish","type":"post","link":"https:\/\/gruppobeltrame.com\/fr\/aggiornamento-della-dichiarazione-ambientale-di-prodotto-per-i-laminati-mercantili-di-afv\/","title":{"rendered":"Aggiornamento della Dichiarazione Ambientale di Prodotto per i laminati mercantili di AFV"},"content":{"rendered":"<p class=\"qtranxs-available-languages-message qtranxs-available-languages-message-fr\">D\u00e9sol\u00e9, cet article est seulement disponible en <a href=\"https:\/\/gruppobeltrame.com\/it\/wp-json\/wp\/v2\/posts\/1670\" class=\"qtranxs-available-language-link qtranxs-available-language-link-it\" title=\"IT\">Italien<\/a> et <a href=\"https:\/\/gruppobeltrame.com\/en\/wp-json\/wp\/v2\/posts\/1670\" class=\"qtranxs-available-language-link qtranxs-available-language-link-en\" title=\"EN\">Anglais Am\u00e9ricain<\/a>. Pour le confort de l\u2019utilisateur, le contenu est affich\u00e9 ci-dessous dans la langue par d\u00e9faut du site. Vous pouvez cliquer l\u2019un des liens pour changer la langue du site en une autre langue disponible.<\/p><p> Un&rsquo;aggiornamento della Dichiarazione Ambientale di Prodotto relativa ai laminati mercantili di AFV Gruppo Beltrame \u00e8 stata convalidata dall&rsquo;ICMQ e pubblicata dal sistema Program Operator International EPD\u00ae. Nell&rsquo;ambito di un continuo miglioramento ambientale dei nostri processi e prodotti, sono disponibili nuovi dati e informazioni. Per maggiori dettagli visita: <a href=\"http:\/\/www.environdec.com\/en\/Detail\/?Epd=7241\">http:\/\/www.environdec.com\/en\/Detail\/?Epd=7241<\/a><br \/>\n<\/p>","protected":false},"excerpt":{"rendered":"<p>D\u00e9sol\u00e9, cet article est seulement disponible en Italien et Anglais Am\u00e9ricain. Pour le confort de l\u2019utilisateur, le contenu est affich\u00e9 ci-dessous dans la langue par d\u00e9faut du site. Vous pouvez cliquer l\u2019un des liens pour changer la langue du site en une autre langue disponible. Un&rsquo;aggiornamento della Dichiarazione Ambientale di Prodotto relativa ai laminati mercantili [&hellip;]<\/p>\n","protected":false},"author":180,"featured_media":1671,"comment_status":"open","ping_status":"open","sticky":false,"template":"","format":"standard","meta":[],"categories":[1],"tags":[],"_links":{"self":[{"href":"https:\/\/gruppobeltrame.com\/fr\/wp-json\/wp\/v2\/posts\/1670"}],"collection":[{"href":"https:\/\/gruppobeltrame.com\/fr\/wp-json\/wp\/v2\/posts"}],"about":[{"href":"https:\/\/gruppobeltrame.com\/fr\/wp-json\/wp\/v2\/types\/post"}],"author":[{"embeddable":true,"href":"https:\/\/gruppobeltrame.com\/fr\/wp-json\/wp\/v2\/users\/180"}],"replies":[{"embeddable":true,"href":"https:\/\/gruppobeltrame.com\/fr\/wp-json\/wp\/v2\/comments?post=1670"}],"version-history":[{"count":0,"href":"https:\/\/gruppobeltrame.com\/fr\/wp-json\/wp\/v2\/posts\/1670\/revisions"}],"wp:featuredmedia":[{"embeddable":true,"href":"https:\/\/gruppobeltrame.com\/fr\/wp-json\/wp\/v2\/media\/1671"}],"wp:attachment":[{"href":"https:\/\/gruppobeltrame.com\/fr\/wp-json\/wp\/v2\/media?parent=1670"}],"wp:term":[{"taxonomy":"category","embeddable":true,"href":"https:\/\/gruppobeltrame.com\/fr\/wp-json\/wp\/v2\/categories?post=1670"},{"taxonomy":"post_tag","embeddable":true,"href":"https:\/\/gruppobeltrame.com\/fr\/wp-json\/wp\/v2\/tags?post=1670"}],"curies":[{"name":"wp","href":"https:\/\/api.w.org\/{rel}","templated":true}]}}