                                                                                                                                                                                                                                                                                                                                                                                                {"id":13445,"date":"2022-12-16T11:01:18","date_gmt":"2022-12-16T10:01:18","guid":{"rendered":"https:\/\/gruppobeltrame.com\/?p=13445"},"modified":"2022-12-19T11:23:10","modified_gmt":"2022-12-19T10:23:10","slug":"beltrame-sostiene-la-sua-comunita","status":"publish","type":"post","link":"https:\/\/gruppobeltrame.com\/fr\/beltrame-sostiene-la-sua-comunita\/","title":{"rendered":"Beltrame sostiene la sua comunit\u00e0"},"content":{"rendered":"<p class=\"qtranxs-available-languages-message qtranxs-available-languages-message-fr\">D\u00e9sol\u00e9, cet article est seulement disponible en <a href=\"https:\/\/gruppobeltrame.com\/it\/wp-json\/wp\/v2\/posts\/13445\" class=\"qtranxs-available-language-link qtranxs-available-language-link-it\" title=\"IT\">Italien<\/a> et <a href=\"https:\/\/gruppobeltrame.com\/en\/wp-json\/wp\/v2\/posts\/13445\" class=\"qtranxs-available-language-link qtranxs-available-language-link-en\" title=\"EN\">Anglais Am\u00e9ricain<\/a>. Pour le confort de l\u2019utilisateur, le contenu est affich\u00e9 ci-dessous dans la langue par d\u00e9faut du site. Vous pouvez cliquer l\u2019un des liens pour changer la langue du site en une autre langue disponible.<\/p><p> AFV Beltrame Group sostiene il Progetto \u201cIncontri al Quinto Piano\u201d promosso dalla <a href=\"https:\/\/www.linkedin.com\/company\/societ-del-quartetto-di-vicenza\/?lipi=urn%3Ali%3Apage%3Acompanies_company_posts_index%3Ba93c4458-eeb4-45f4-afaa-2c3f4cf65bdb\">Societ\u00e0 del Quartetto di Vicenza<\/a> in collaborazione con l\u2019Ospedale San Bortolo di Vicenza.<\/p>\n<p>Si tratta di performance dal vivo molto informali attraverso le quali, in punta dei piedi, si porta la musica in un luogo del tutto particolare, il reparto di Oncologia, offrendo ai degenti, ai loro familiari e al personale medico e paramedico momenti di serenit\u00e0 e speranza attraverso le note musicali.<br \/>\nGiunga a tutti voi il nostro caloroso abbraccio!<\/p>\n<p>","protected":false},"excerpt":{"rendered":"<p>D\u00e9sol\u00e9, cet article est seulement disponible en Italien et Anglais Am\u00e9ricain. Pour le confort de l\u2019utilisateur, le contenu est affich\u00e9 ci-dessous dans la langue par d\u00e9faut du site. Vous pouvez cliquer l\u2019un des liens pour changer la langue du site en une autre langue disponible. AFV Beltrame Group sostiene il Progetto \u201cIncontri al Quinto Piano\u201d [&hellip;]<\/p>\n","protected":false},"author":180,"featured_media":13447,"comment_status":"open","ping_status":"open","sticky":false,"template":"","format":"standard","meta":[],"categories":[1],"tags":[],"_links":{"self":[{"href":"https:\/\/gruppobeltrame.com\/fr\/wp-json\/wp\/v2\/posts\/13445"}],"collection":[{"href":"https:\/\/gruppobeltrame.com\/fr\/wp-json\/wp\/v2\/posts"}],"about":[{"href":"https:\/\/gruppobeltrame.com\/fr\/wp-json\/wp\/v2\/types\/post"}],"author":[{"embeddable":true,"href":"https:\/\/gruppobeltrame.com\/fr\/wp-json\/wp\/v2\/users\/180"}],"replies":[{"embeddable":true,"href":"https:\/\/gruppobeltrame.com\/fr\/wp-json\/wp\/v2\/comments?post=13445"}],"version-history":[{"count":2,"href":"https:\/\/gruppobeltrame.com\/fr\/wp-json\/wp\/v2\/posts\/13445\/revisions"}],"predecessor-version":[{"id":13449,"href":"https:\/\/gruppobeltrame.com\/fr\/wp-json\/wp\/v2\/posts\/13445\/revisions\/13449"}],"wp:featuredmedia":[{"embeddable":true,"href":"https:\/\/gruppobeltrame.com\/fr\/wp-json\/wp\/v2\/media\/13447"}],"wp:attachment":[{"href":"https:\/\/gruppobeltrame.com\/fr\/wp-json\/wp\/v2\/media?parent=13445"}],"wp:term":[{"taxonomy":"category","embeddable":true,"href":"https:\/\/gruppobeltrame.com\/fr\/wp-json\/wp\/v2\/categories?post=13445"},{"taxonomy":"post_tag","embeddable":true,"href":"https:\/\/gruppobeltrame.com\/fr\/wp-json\/wp\/v2\/tags?post=13445"}],"curies":[{"name":"wp","href":"https:\/\/api.w.org\/{rel}","templated":true}]}}