                                                                                                                                                                                                                                                                                                                                                                                                {"id":12041,"date":"2022-09-22T13:05:31","date_gmt":"2022-09-22T11:05:31","guid":{"rendered":"https:\/\/gruppobeltrame.com\/?p=12041"},"modified":"2022-09-26T11:19:31","modified_gmt":"2022-09-26T09:19:31","slug":"renewability-un-nuovo-progetto-racconto-su-il-sole-24-ore","status":"publish","type":"post","link":"https:\/\/gruppobeltrame.com\/fr\/renewability-un-nuovo-progetto-racconto-su-il-sole-24-ore\/","title":{"rendered":"Renewability, un nuovo progetto racconto su \u00ab\u00a0Il Sole 24 Ore\u00a0\u00bb"},"content":{"rendered":"<p class=\"qtranxs-available-languages-message qtranxs-available-languages-message-fr\">D\u00e9sol\u00e9, cet article est seulement disponible en <a href=\"https:\/\/gruppobeltrame.com\/it\/wp-json\/wp\/v2\/posts\/12041\" class=\"qtranxs-available-language-link qtranxs-available-language-link-it\" title=\"IT\">Italien<\/a> et <a href=\"https:\/\/gruppobeltrame.com\/en\/wp-json\/wp\/v2\/posts\/12041\" class=\"qtranxs-available-language-link qtranxs-available-language-link-en\" title=\"EN\">Anglais Am\u00e9ricain<\/a>. Pour le confort de l\u2019utilisateur, le contenu est affich\u00e9 ci-dessous dans la langue par d\u00e9faut du site. Vous pouvez cliquer l\u2019un des liens pour changer la langue du site en une autre langue disponible.<\/p><p> Nasce oggi <a href=\"https:\/\/www.linkedin.com\/posts\/il-sole-24-ore_pannelli-in-multipropriet%C3%A0-primo-progetto-activity-6978769141579038721-Arsc\/?utm_source=share&#038;utm_medium=member_android\">Renewability, la prima community di consumatori di #energiarinnovabile<\/a>.<\/p>\n<p>Il progetto prevede l\u2019aggregazione di aziende in una societ\u00e0 consortile, il cui obiettivo \u00e8 investire nella costruzione di impianti di generazione da fonte rinnovabile e fornire l\u2019energia elettrica prodotta dagli impianti stessi a ciascun socio membro.<\/p>\n<p>\u201cQuesta iniziativa \u00e8 un tassello importante del piano di #decarbonizzazione del nostro Gruppo\u201d, ha spiegato Gianmaria Zanni, Group Energy Manager. \u201cNell\u2019attuale contesto di crisi energetica ci consente inoltre di stabilizzare i nostri costi energetici nel lungo periodo, svincolandoci dai prezzi e dalla volatilit\u00e0 di mercato\u201d.<\/p>\n<p>","protected":false},"excerpt":{"rendered":"<p>D\u00e9sol\u00e9, cet article est seulement disponible en Italien et Anglais Am\u00e9ricain. Pour le confort de l\u2019utilisateur, le contenu est affich\u00e9 ci-dessous dans la langue par d\u00e9faut du site. Vous pouvez cliquer l\u2019un des liens pour changer la langue du site en une autre langue disponible. Nasce oggi Renewability, la prima community di consumatori di #energiarinnovabile. [&hellip;]<\/p>\n","protected":false},"author":180,"featured_media":12043,"comment_status":"open","ping_status":"open","sticky":false,"template":"","format":"standard","meta":[],"categories":[1],"tags":[],"_links":{"self":[{"href":"https:\/\/gruppobeltrame.com\/fr\/wp-json\/wp\/v2\/posts\/12041"}],"collection":[{"href":"https:\/\/gruppobeltrame.com\/fr\/wp-json\/wp\/v2\/posts"}],"about":[{"href":"https:\/\/gruppobeltrame.com\/fr\/wp-json\/wp\/v2\/types\/post"}],"author":[{"embeddable":true,"href":"https:\/\/gruppobeltrame.com\/fr\/wp-json\/wp\/v2\/users\/180"}],"replies":[{"embeddable":true,"href":"https:\/\/gruppobeltrame.com\/fr\/wp-json\/wp\/v2\/comments?post=12041"}],"version-history":[{"count":0,"href":"https:\/\/gruppobeltrame.com\/fr\/wp-json\/wp\/v2\/posts\/12041\/revisions"}],"wp:featuredmedia":[{"embeddable":true,"href":"https:\/\/gruppobeltrame.com\/fr\/wp-json\/wp\/v2\/media\/12043"}],"wp:attachment":[{"href":"https:\/\/gruppobeltrame.com\/fr\/wp-json\/wp\/v2\/media?parent=12041"}],"wp:term":[{"taxonomy":"category","embeddable":true,"href":"https:\/\/gruppobeltrame.com\/fr\/wp-json\/wp\/v2\/categories?post=12041"},{"taxonomy":"post_tag","embeddable":true,"href":"https:\/\/gruppobeltrame.com\/fr\/wp-json\/wp\/v2\/tags?post=12041"}],"curies":[{"name":"wp","href":"https:\/\/api.w.org\/{rel}","templated":true}]}}