                                                                                                                                                                                                                                                                                                                                                                                                {"id":11564,"date":"2022-06-28T11:02:20","date_gmt":"2022-06-28T09:02:20","guid":{"rendered":"https:\/\/gruppobeltrame.com\/?p=11564"},"modified":"2022-07-06T10:54:12","modified_gmt":"2022-07-06T08:54:12","slug":"barbara-beltrame-entra-nel-cda-di-simest","status":"publish","type":"post","link":"https:\/\/gruppobeltrame.com\/fr\/barbara-beltrame-entra-nel-cda-di-simest\/","title":{"rendered":"Barbara Beltrame entra nel CdA di Simest"},"content":{"rendered":"<p class=\"qtranxs-available-languages-message qtranxs-available-languages-message-fr\">D\u00e9sol\u00e9, cet article est seulement disponible en <a href=\"https:\/\/gruppobeltrame.com\/it\/wp-json\/wp\/v2\/posts\/11564\" class=\"qtranxs-available-language-link qtranxs-available-language-link-it\" title=\"IT\">Italien<\/a> et <a href=\"https:\/\/gruppobeltrame.com\/en\/wp-json\/wp\/v2\/posts\/11564\" class=\"qtranxs-available-language-link qtranxs-available-language-link-en\" title=\"EN\">Anglais Am\u00e9ricain<\/a>. Pour le confort de l\u2019utilisateur, le contenu est affich\u00e9 ci-dessous dans la langue par d\u00e9faut du site. Vous pouvez cliquer l\u2019un des liens pour changer la langue du site en une autre langue disponible.<\/p><p> <a href=\"https:\/\/www.linkedin.com\/in\/ACoAAABJqBUBznmx1tcQR9xcBat4fWe2jnjq0l8?lipi=urn%3Ali%3Apage%3Acompanies_company_posts_index%3B58cdf515-d229-40f4-a3bd-37c302ebbbb9\">Barbara Beltrame Giacomello<\/a>, Vicepresidente di Confindustria e Head of Communication &#038; Marketing di AFV Beltrme Group, entra nel CdA di <a href=\"https:\/\/www.linkedin.com\/company\/simest-spa\/?lipi=urn%3Ali%3Apage%3Acompanies_company_posts_index%3B58cdf515-d229-40f4-a3bd-37c302ebbbb9\">SIMEST Spa<\/a>, (gruppo CDP) la societ\u00e0 che si occupa di sostenere l\u2019#internazionalizzazione delle imprese italiane nei Paesi extra Ue.<\/p>\n<p>La nomina \u00e8 arrivata nel corso dell\u2019assemblea degli azionisti che ha nominato il nuovo consiglio di amministrazione che sar\u00e0 guidato, per i prossimi tre anni, da <a href=\"https:\/\/www.linkedin.com\/in\/ACoAABkONNQBcyewPlzNuWi7cQBoRKxmBJmaZsQ?lipi=urn%3Ali%3Apage%3Acompanies_company_posts_index%3B58cdf515-d229-40f4-a3bd-37c302ebbbb9\">Pasquale Salzano<\/a>, confermato nell\u2019incarico, mentre <a href=\"https:\/\/www.linkedin.com\/in\/ACoAADECqwABPAjTOPLiWv5MstSQGa2bu7K33EM?lipi=urn%3Ali%3Apage%3Acompanies_company_posts_index%3B58cdf515-d229-40f4-a3bd-37c302ebbbb9\">Regina Corradini D&rsquo;Arienzo<\/a> sar\u00e0 Ad.<br \/>\nComplimenti da tutti di noi di AFV Beltrame Group!<\/p>\n<p>Leggi gli articoli completi riportati di seguito:<br \/>\n<a href=\"https:\/\/gruppobeltrame.com\/wp-content\/uploads\/2022\/06\/22.06.28-18.pdf\">Il Giornale di Vicenza<\/a>, <a href=\"https:\/\/gruppobeltrame.com\/wp-content\/uploads\/2022\/06\/2022_06_28_Il_Sole_24_Ore_pag.22.pdf\">Il Sole 24 Ore<\/a>, <a href=\"https:\/\/gruppobeltrame.com\/wp-content\/uploads\/2022\/06\/Barbara-Beltrame-Giacomello-entra-nel-Cda-di-Simest-Gruppo-Cdp-Nord-Est-Economia.pdf\">Nord Est Economia<\/a>, <a href=\"https:\/\/gruppobeltrame.com\/wp-content\/uploads\/2022\/06\/Simest_-assemblea-conferma-Salzano-presidente-designata-a.d.-Corradini-DArienzo-Borsa-Italiana.pdf\">Borsa Italiana<\/a><\/p>\n<p>","protected":false},"excerpt":{"rendered":"<p>D\u00e9sol\u00e9, cet article est seulement disponible en Italien et Anglais Am\u00e9ricain. Pour le confort de l\u2019utilisateur, le contenu est affich\u00e9 ci-dessous dans la langue par d\u00e9faut du site. Vous pouvez cliquer l\u2019un des liens pour changer la langue du site en une autre langue disponible. Barbara Beltrame Giacomello, Vicepresidente di Confindustria e Head of Communication [&hellip;]<\/p>\n","protected":false},"author":180,"featured_media":11639,"comment_status":"open","ping_status":"open","sticky":false,"template":"","format":"standard","meta":[],"categories":[1],"tags":[],"_links":{"self":[{"href":"https:\/\/gruppobeltrame.com\/fr\/wp-json\/wp\/v2\/posts\/11564"}],"collection":[{"href":"https:\/\/gruppobeltrame.com\/fr\/wp-json\/wp\/v2\/posts"}],"about":[{"href":"https:\/\/gruppobeltrame.com\/fr\/wp-json\/wp\/v2\/types\/post"}],"author":[{"embeddable":true,"href":"https:\/\/gruppobeltrame.com\/fr\/wp-json\/wp\/v2\/users\/180"}],"replies":[{"embeddable":true,"href":"https:\/\/gruppobeltrame.com\/fr\/wp-json\/wp\/v2\/comments?post=11564"}],"version-history":[{"count":0,"href":"https:\/\/gruppobeltrame.com\/fr\/wp-json\/wp\/v2\/posts\/11564\/revisions"}],"wp:featuredmedia":[{"embeddable":true,"href":"https:\/\/gruppobeltrame.com\/fr\/wp-json\/wp\/v2\/media\/11639"}],"wp:attachment":[{"href":"https:\/\/gruppobeltrame.com\/fr\/wp-json\/wp\/v2\/media?parent=11564"}],"wp:term":[{"taxonomy":"category","embeddable":true,"href":"https:\/\/gruppobeltrame.com\/fr\/wp-json\/wp\/v2\/categories?post=11564"},{"taxonomy":"post_tag","embeddable":true,"href":"https:\/\/gruppobeltrame.com\/fr\/wp-json\/wp\/v2\/tags?post=11564"}],"curies":[{"name":"wp","href":"https:\/\/api.w.org\/{rel}","templated":true}]}}