                                                                                                                                                                                                                                                                                                                                                                                                {"id":9096,"date":"2021-09-13T09:21:18","date_gmt":"2021-09-13T07:21:18","guid":{"rendered":"https:\/\/gruppobeltrame.com\/?p=9096"},"modified":"2021-09-14T09:21:57","modified_gmt":"2021-09-14T07:21:57","slug":"i-vecchi-spazi-acquistano-nuova-importanza-a-stahl-gerlafingen","status":"publish","type":"post","link":"https:\/\/gruppobeltrame.com\/de\/i-vecchi-spazi-acquistano-nuova-importanza-a-stahl-gerlafingen\/","title":{"rendered":"I vecchi spazi acquistano nuova importanza a STAHL GERLAFINGEN"},"content":{"rendered":"<p class=\"qtranxs-available-languages-message qtranxs-available-languages-message-de\">Leider ist der Eintrag nur auf <a href=\"https:\/\/gruppobeltrame.com\/it\/wp-json\/wp\/v2\/posts\/9096\" class=\"qtranxs-available-language-link qtranxs-available-language-link-it\" title=\"IT\">Italienisch<\/a> und <a href=\"https:\/\/gruppobeltrame.com\/en\/wp-json\/wp\/v2\/posts\/9096\" class=\"qtranxs-available-language-link qtranxs-available-language-link-en\" title=\"EN\">Amerikanisches Englisch<\/a> verf\u00fcgbar. Der Inhalt wird in der Standard-Sprache dieser Website angezeigt. Sie k\u00f6nnen einen Link anklicken, um zu einer anderen verf\u00fcgbaren Sprache zu wechseln.<\/p><p><br \/>\nNiente \u00e8 costante come il cambiamento.<\/p>\n<p>Questo vale anche per l&#8217;acciaieria svizzera AFV Beltrames Stahl Gerlafingen.<\/p>\n<p>Alcuni edifici perdono importanza e significato nel tempo.<\/p>\n<p>Se l&#8217;intero impianto si trasforma, le nuove attivit\u00e0 richiedono pi\u00f9 spazio per lavorare in modo efficiente.<\/p>\n<p>Questo vecchio edificio era  l&#8217;ufficio di spedizione principale, ma dopo molti cambiamenti nel reparto logistico, non ce n&#8217;era pi\u00f9 bisogno.<\/p>\n<p>Cos\u00ec \u00e8 stato demolito e il nuovo spazio utilizzato per lo stoccaggio dei semilavorati come i coils.<\/p>\n<p>Presto l&#8217;area servir\u00e0 come area di carico per il trasporto alla S\u00fcdhalle.<\/p>\n<p>Inoltre, render\u00e0 pi\u00f9 efficiente la logistica nello stabilimento.<\/p>","protected":false},"excerpt":{"rendered":"<p>Leider ist der Eintrag nur auf Italienisch und Amerikanisches Englisch verf\u00fcgbar. Der Inhalt wird in der Standard-Sprache dieser Website angezeigt. Sie k\u00f6nnen einen Link anklicken, um zu einer anderen verf\u00fcgbaren Sprache zu wechseln. Niente \u00e8 costante come il cambiamento. Questo vale anche per l&#8217;acciaieria svizzera AFV Beltrames Stahl Gerlafingen. Alcuni edifici perdono importanza e significato [&hellip;]<\/p>\n","protected":false},"author":180,"featured_media":9097,"comment_status":"open","ping_status":"open","sticky":false,"template":"","format":"standard","meta":[],"categories":[1],"tags":[],"_links":{"self":[{"href":"https:\/\/gruppobeltrame.com\/de\/wp-json\/wp\/v2\/posts\/9096"}],"collection":[{"href":"https:\/\/gruppobeltrame.com\/de\/wp-json\/wp\/v2\/posts"}],"about":[{"href":"https:\/\/gruppobeltrame.com\/de\/wp-json\/wp\/v2\/types\/post"}],"author":[{"embeddable":true,"href":"https:\/\/gruppobeltrame.com\/de\/wp-json\/wp\/v2\/users\/180"}],"replies":[{"embeddable":true,"href":"https:\/\/gruppobeltrame.com\/de\/wp-json\/wp\/v2\/comments?post=9096"}],"version-history":[{"count":0,"href":"https:\/\/gruppobeltrame.com\/de\/wp-json\/wp\/v2\/posts\/9096\/revisions"}],"wp:featuredmedia":[{"embeddable":true,"href":"https:\/\/gruppobeltrame.com\/de\/wp-json\/wp\/v2\/media\/9097"}],"wp:attachment":[{"href":"https:\/\/gruppobeltrame.com\/de\/wp-json\/wp\/v2\/media?parent=9096"}],"wp:term":[{"taxonomy":"category","embeddable":true,"href":"https:\/\/gruppobeltrame.com\/de\/wp-json\/wp\/v2\/categories?post=9096"},{"taxonomy":"post_tag","embeddable":true,"href":"https:\/\/gruppobeltrame.com\/de\/wp-json\/wp\/v2\/tags?post=9096"}],"curies":[{"name":"wp","href":"https:\/\/api.w.org\/{rel}","templated":true}]}}