                                                                                                                                                                                                                                                                                                                                                                                                {"id":8677,"date":"2021-07-21T09:29:07","date_gmt":"2021-07-21T07:29:07","guid":{"rendered":"https:\/\/gruppobeltrame.com\/?p=8677"},"modified":"2021-07-28T09:29:39","modified_gmt":"2021-07-28T07:29:39","slug":"lacademy-digitale-di-afv-beltrame-group-raccontata-su-il-sole-24-ore","status":"publish","type":"post","link":"https:\/\/gruppobeltrame.com\/de\/lacademy-digitale-di-afv-beltrame-group-raccontata-su-il-sole-24-ore\/","title":{"rendered":"L&#8217;Academy digitale di AFV Beltrame Group raccontata su Il Sole 24 Ore"},"content":{"rendered":"<p class=\"qtranxs-available-languages-message qtranxs-available-languages-message-de\">Leider ist der Eintrag nur auf <a href=\"https:\/\/gruppobeltrame.com\/it\/wp-json\/wp\/v2\/posts\/8677\" class=\"qtranxs-available-language-link qtranxs-available-language-link-it\" title=\"IT\">Italienisch<\/a> und <a href=\"https:\/\/gruppobeltrame.com\/en\/wp-json\/wp\/v2\/posts\/8677\" class=\"qtranxs-available-language-link qtranxs-available-language-link-en\" title=\"EN\">Amerikanisches Englisch<\/a> verf\u00fcgbar. Der Inhalt wird in der Standard-Sprache dieser Website angezeigt. Sie k\u00f6nnen einen Link anklicken, um zu einer anderen verf\u00fcgbaren Sprache zu wechseln.<\/p><p><br \/>\nInteressante focus su Il Sole 24 Ore sulla piattaforma formativa online di AFV Beltrame Group.<\/p>\n<p>\u201cL\u2019#Academy digitale di AFV Beltrame Group \u00e8 oggi un\u2019importante opportunit\u00e0 per tutte le persone che lavorano in azienda, a prescindere dal proprio ruolo professionale, un progetto rivolto ai manager, ai dipendenti, ai collaboratori interni che potranno consultare on line, in qualsiasi momento, i contenuti di formazione proposti dalla piattaforma, selezionando quelli pi\u00f9 interessanti. La tecnologia digitale diventa lo strumento ideale per il trasferimento delle competenze e per sviluppare quel senso di appartenenza che \u00e8 il motore vero del successo di un\u2019azienda. Solo con la crescita professionale, culturale e umana delle nostre persone, si crea valore e si sostengono i processi di cambiamento garantendo la condivisione dei valori aziendali\u201d, Roberto Valente, Group HR Director <\/p>\n<p>","protected":false},"excerpt":{"rendered":"<p>Leider ist der Eintrag nur auf Italienisch und Amerikanisches Englisch verf\u00fcgbar. Der Inhalt wird in der Standard-Sprache dieser Website angezeigt. Sie k\u00f6nnen einen Link anklicken, um zu einer anderen verf\u00fcgbaren Sprache zu wechseln. Interessante focus su Il Sole 24 Ore sulla piattaforma formativa online di AFV Beltrame Group. \u201cL\u2019#Academy digitale di AFV Beltrame Group \u00e8 [&hellip;]<\/p>\n","protected":false},"author":180,"featured_media":8678,"comment_status":"open","ping_status":"open","sticky":false,"template":"","format":"standard","meta":[],"categories":[1],"tags":[],"_links":{"self":[{"href":"https:\/\/gruppobeltrame.com\/de\/wp-json\/wp\/v2\/posts\/8677"}],"collection":[{"href":"https:\/\/gruppobeltrame.com\/de\/wp-json\/wp\/v2\/posts"}],"about":[{"href":"https:\/\/gruppobeltrame.com\/de\/wp-json\/wp\/v2\/types\/post"}],"author":[{"embeddable":true,"href":"https:\/\/gruppobeltrame.com\/de\/wp-json\/wp\/v2\/users\/180"}],"replies":[{"embeddable":true,"href":"https:\/\/gruppobeltrame.com\/de\/wp-json\/wp\/v2\/comments?post=8677"}],"version-history":[{"count":0,"href":"https:\/\/gruppobeltrame.com\/de\/wp-json\/wp\/v2\/posts\/8677\/revisions"}],"wp:featuredmedia":[{"embeddable":true,"href":"https:\/\/gruppobeltrame.com\/de\/wp-json\/wp\/v2\/media\/8678"}],"wp:attachment":[{"href":"https:\/\/gruppobeltrame.com\/de\/wp-json\/wp\/v2\/media?parent=8677"}],"wp:term":[{"taxonomy":"category","embeddable":true,"href":"https:\/\/gruppobeltrame.com\/de\/wp-json\/wp\/v2\/categories?post=8677"},{"taxonomy":"post_tag","embeddable":true,"href":"https:\/\/gruppobeltrame.com\/de\/wp-json\/wp\/v2\/tags?post=8677"}],"curies":[{"name":"wp","href":"https:\/\/api.w.org\/{rel}","templated":true}]}}