                                                                                                                                                                                                                                                                                                                                                                                                {"id":8281,"date":"2021-06-05T11:34:42","date_gmt":"2021-06-05T09:34:42","guid":{"rendered":"https:\/\/gruppobeltrame.com\/?p=8281"},"modified":"2021-06-09T11:40:58","modified_gmt":"2021-06-09T09:40:58","slug":"world-environment-day-2021","status":"publish","type":"post","link":"https:\/\/gruppobeltrame.com\/de\/world-environment-day-2021\/","title":{"rendered":"World Environment Day 2021"},"content":{"rendered":"<p class=\"qtranxs-available-languages-message qtranxs-available-languages-message-de\">Leider ist der Eintrag nur auf <a href=\"https:\/\/gruppobeltrame.com\/it\/wp-json\/wp\/v2\/posts\/8281\" class=\"qtranxs-available-language-link qtranxs-available-language-link-it\" title=\"IT\">Italienisch<\/a> und <a href=\"https:\/\/gruppobeltrame.com\/en\/wp-json\/wp\/v2\/posts\/8281\" class=\"qtranxs-available-language-link qtranxs-available-language-link-en\" title=\"EN\">Amerikanisches Englisch<\/a> verf\u00fcgbar. Der Inhalt wird in der Standard-Sprache dieser Website angezeigt. Sie k\u00f6nnen einen Link anklicken, um zu einer anderen verf\u00fcgbaren Sprache zu wechseln.<\/p><p> Oggi \u00e8 la  Giornata Mondiale dell&#8217;Ambiente, che incoraggia la consapevolezza e l&#8217;azione a livello mondiale per la protezione dell&#8217;ambiente! Il tema per il 2021 \u00e8 &#8222;Ripristino dell&#8217;ecosistema&#8220;, cos\u00ec lo celebriamo accogliendo nuovi amici in LME Beltrame Group: api e capre!<\/p>\n<p>Secondo uno studio sulla biodiversit\u00e0 condotto nel 2019 nel nostro sito francese, insieme a un gruppo di personale interno di lavoro, sono state decise due prime azioni di miglioramento:<br \/>\n&#8211; Installazione di 2 alveari nel cantiere siderurgico, in collaborazione con Ekodev;<br \/>\n&#8211; Creazione di aree eco-pascolo per il mantenimento di spazi verdi di difficile accesso e la lotta alle specie vegetali invasive, grazie all&#8217;aiuto di capre dai fossati, in collaborazione con l&#8217;azienda Patureco.<\/p>\n<p>Questo piccolo contributo alla conservazione della biodiversit\u00e0 mira a sensibilizzare positivamente i nostri collaboratori e anche coloro che li circondano sul tema della sostenibilit\u00e0.<\/p>\n<p>","protected":false},"excerpt":{"rendered":"<p>Leider ist der Eintrag nur auf Italienisch und Amerikanisches Englisch verf\u00fcgbar. Der Inhalt wird in der Standard-Sprache dieser Website angezeigt. Sie k\u00f6nnen einen Link anklicken, um zu einer anderen verf\u00fcgbaren Sprache zu wechseln. Oggi \u00e8 la Giornata Mondiale dell&#8217;Ambiente, che incoraggia la consapevolezza e l&#8217;azione a livello mondiale per la protezione dell&#8217;ambiente! Il tema per [&hellip;]<\/p>\n","protected":false},"author":180,"featured_media":8282,"comment_status":"open","ping_status":"open","sticky":false,"template":"","format":"standard","meta":[],"categories":[1],"tags":[],"_links":{"self":[{"href":"https:\/\/gruppobeltrame.com\/de\/wp-json\/wp\/v2\/posts\/8281"}],"collection":[{"href":"https:\/\/gruppobeltrame.com\/de\/wp-json\/wp\/v2\/posts"}],"about":[{"href":"https:\/\/gruppobeltrame.com\/de\/wp-json\/wp\/v2\/types\/post"}],"author":[{"embeddable":true,"href":"https:\/\/gruppobeltrame.com\/de\/wp-json\/wp\/v2\/users\/180"}],"replies":[{"embeddable":true,"href":"https:\/\/gruppobeltrame.com\/de\/wp-json\/wp\/v2\/comments?post=8281"}],"version-history":[{"count":0,"href":"https:\/\/gruppobeltrame.com\/de\/wp-json\/wp\/v2\/posts\/8281\/revisions"}],"wp:featuredmedia":[{"embeddable":true,"href":"https:\/\/gruppobeltrame.com\/de\/wp-json\/wp\/v2\/media\/8282"}],"wp:attachment":[{"href":"https:\/\/gruppobeltrame.com\/de\/wp-json\/wp\/v2\/media?parent=8281"}],"wp:term":[{"taxonomy":"category","embeddable":true,"href":"https:\/\/gruppobeltrame.com\/de\/wp-json\/wp\/v2\/categories?post=8281"},{"taxonomy":"post_tag","embeddable":true,"href":"https:\/\/gruppobeltrame.com\/de\/wp-json\/wp\/v2\/tags?post=8281"}],"curies":[{"name":"wp","href":"https:\/\/api.w.org\/{rel}","templated":true}]}}