                                                                                                                                                                                                                                                                                                                                                                                                {"id":8278,"date":"2021-06-03T11:28:41","date_gmt":"2021-06-03T09:28:41","guid":{"rendered":"https:\/\/gruppobeltrame.com\/?p=8278"},"modified":"2021-06-09T11:34:30","modified_gmt":"2021-06-09T09:34:30","slug":"grande-mostra-di-francesca-piqueras","status":"publish","type":"post","link":"https:\/\/gruppobeltrame.com\/de\/grande-mostra-di-francesca-piqueras\/","title":{"rendered":"Grande mostra di Francesca Piqueras"},"content":{"rendered":"<p class=\"qtranxs-available-languages-message qtranxs-available-languages-message-de\">Leider ist der Eintrag nur auf <a href=\"https:\/\/gruppobeltrame.com\/it\/wp-json\/wp\/v2\/posts\/8278\" class=\"qtranxs-available-language-link qtranxs-available-language-link-it\" title=\"IT\">Italienisch<\/a> und <a href=\"https:\/\/gruppobeltrame.com\/en\/wp-json\/wp\/v2\/posts\/8278\" class=\"qtranxs-available-language-link qtranxs-available-language-link-en\" title=\"EN\">Amerikanisches Englisch<\/a> verf\u00fcgbar. Der Inhalt wird in der Standard-Sprache dieser Website angezeigt. Sie k\u00f6nnen einen Link anklicken, um zu einer anderen verf\u00fcgbaren Sprache zu wechseln.<\/p><p> \u00c8 con grande piacere che AFV Beltrame Group ha permesso alla macchina fotografica di Francesca Piqueras di sondare l&#8217;essenza dell&#8217;elemento che pi\u00f9 ci rappresenta e da cui prende forma il nostro #acciaio: il Fuoco. C&#8217;\u00e8 qualcosa di molto primitivo nel fuoco, etereo, ma allo stesso tempo estremamente materiale. Le sue fiamme esprimono energia che si sprigiona, potenza che arde, passione che brucia, azione che crea. Il fuoco \u00e8 luce allo stato solido, movimento, danza e magia tutto in armonia. Le fotografie di Francesca Piqueras sono una forma di comunicazione capace di cogliere tutto questo e di offrire nella profondit\u00e0 di ogni scatto, quella che noi qui  in AFV Beltrame Group chiamiamo arte.<\/p>\n<p>","protected":false},"excerpt":{"rendered":"<p>Leider ist der Eintrag nur auf Italienisch und Amerikanisches Englisch verf\u00fcgbar. Der Inhalt wird in der Standard-Sprache dieser Website angezeigt. Sie k\u00f6nnen einen Link anklicken, um zu einer anderen verf\u00fcgbaren Sprache zu wechseln. \u00c8 con grande piacere che AFV Beltrame Group ha permesso alla macchina fotografica di Francesca Piqueras di sondare l&#8217;essenza dell&#8217;elemento che pi\u00f9 [&hellip;]<\/p>\n","protected":false},"author":180,"featured_media":8279,"comment_status":"open","ping_status":"open","sticky":false,"template":"","format":"standard","meta":[],"categories":[1],"tags":[],"_links":{"self":[{"href":"https:\/\/gruppobeltrame.com\/de\/wp-json\/wp\/v2\/posts\/8278"}],"collection":[{"href":"https:\/\/gruppobeltrame.com\/de\/wp-json\/wp\/v2\/posts"}],"about":[{"href":"https:\/\/gruppobeltrame.com\/de\/wp-json\/wp\/v2\/types\/post"}],"author":[{"embeddable":true,"href":"https:\/\/gruppobeltrame.com\/de\/wp-json\/wp\/v2\/users\/180"}],"replies":[{"embeddable":true,"href":"https:\/\/gruppobeltrame.com\/de\/wp-json\/wp\/v2\/comments?post=8278"}],"version-history":[{"count":0,"href":"https:\/\/gruppobeltrame.com\/de\/wp-json\/wp\/v2\/posts\/8278\/revisions"}],"wp:featuredmedia":[{"embeddable":true,"href":"https:\/\/gruppobeltrame.com\/de\/wp-json\/wp\/v2\/media\/8279"}],"wp:attachment":[{"href":"https:\/\/gruppobeltrame.com\/de\/wp-json\/wp\/v2\/media?parent=8278"}],"wp:term":[{"taxonomy":"category","embeddable":true,"href":"https:\/\/gruppobeltrame.com\/de\/wp-json\/wp\/v2\/categories?post=8278"},{"taxonomy":"post_tag","embeddable":true,"href":"https:\/\/gruppobeltrame.com\/de\/wp-json\/wp\/v2\/tags?post=8278"}],"curies":[{"name":"wp","href":"https:\/\/api.w.org\/{rel}","templated":true}]}}