                                                                                                                                                                                                                                                                                                                                                                                                {"id":8156,"date":"2021-05-25T12:41:32","date_gmt":"2021-05-25T10:41:32","guid":{"rendered":"https:\/\/gruppobeltrame.com\/?p=8156"},"modified":"2021-05-25T12:41:32","modified_gmt":"2021-05-25T10:41:32","slug":"partnership-con-db-cargo-ag","status":"publish","type":"post","link":"https:\/\/gruppobeltrame.com\/de\/partnership-con-db-cargo-ag\/","title":{"rendered":"Partnership con DB Cargo AG"},"content":{"rendered":"<p class=\"qtranxs-available-languages-message qtranxs-available-languages-message-de\">Leider ist der Eintrag nur auf <a href=\"https:\/\/gruppobeltrame.com\/it\/wp-json\/wp\/v2\/posts\/8156\" class=\"qtranxs-available-language-link qtranxs-available-language-link-it\" title=\"IT\">Italienisch<\/a> und <a href=\"https:\/\/gruppobeltrame.com\/en\/wp-json\/wp\/v2\/posts\/8156\" class=\"qtranxs-available-language-link qtranxs-available-language-link-en\" title=\"EN\">Amerikanisches Englisch<\/a> verf\u00fcgbar. Der Inhalt wird in der Standard-Sprache dieser Website angezeigt. Sie k\u00f6nnen einen Link anklicken, um zu einer anderen verf\u00fcgbaren Sprache zu wechseln.<\/p><p> Incrementare il trasporto su rotaia in un\u2019ottica di sempre maggiore #sostenibilit\u00e0 \u00e8 tra gli obiettivi primari di AFV Beltrame Group.<\/p>\n<p>Cos\u00ec, anche se lo stabilimento di Brescia attualmente non \u00e8 provvisto di un raccordo ferroviario interno, grazie alla partnership con le ferrovie tedesche DB Cargo AG siamo riusciti ugualmente a far partire i primi vagoni verso la Germania!<\/p>\n<p>#Sustainablemobility #circulareconomy #AFVBeltrameGroup #steel<\/p>\n<p>","protected":false},"excerpt":{"rendered":"<p>Leider ist der Eintrag nur auf Italienisch und Amerikanisches Englisch verf\u00fcgbar. Der Inhalt wird in der Standard-Sprache dieser Website angezeigt. Sie k\u00f6nnen einen Link anklicken, um zu einer anderen verf\u00fcgbaren Sprache zu wechseln. Incrementare il trasporto su rotaia in un\u2019ottica di sempre maggiore #sostenibilit\u00e0 \u00e8 tra gli obiettivi primari di AFV Beltrame Group. Cos\u00ec, anche [&hellip;]<\/p>\n","protected":false},"author":180,"featured_media":8157,"comment_status":"open","ping_status":"open","sticky":false,"template":"","format":"standard","meta":[],"categories":[1],"tags":[],"_links":{"self":[{"href":"https:\/\/gruppobeltrame.com\/de\/wp-json\/wp\/v2\/posts\/8156"}],"collection":[{"href":"https:\/\/gruppobeltrame.com\/de\/wp-json\/wp\/v2\/posts"}],"about":[{"href":"https:\/\/gruppobeltrame.com\/de\/wp-json\/wp\/v2\/types\/post"}],"author":[{"embeddable":true,"href":"https:\/\/gruppobeltrame.com\/de\/wp-json\/wp\/v2\/users\/180"}],"replies":[{"embeddable":true,"href":"https:\/\/gruppobeltrame.com\/de\/wp-json\/wp\/v2\/comments?post=8156"}],"version-history":[{"count":0,"href":"https:\/\/gruppobeltrame.com\/de\/wp-json\/wp\/v2\/posts\/8156\/revisions"}],"wp:featuredmedia":[{"embeddable":true,"href":"https:\/\/gruppobeltrame.com\/de\/wp-json\/wp\/v2\/media\/8157"}],"wp:attachment":[{"href":"https:\/\/gruppobeltrame.com\/de\/wp-json\/wp\/v2\/media?parent=8156"}],"wp:term":[{"taxonomy":"category","embeddable":true,"href":"https:\/\/gruppobeltrame.com\/de\/wp-json\/wp\/v2\/categories?post=8156"},{"taxonomy":"post_tag","embeddable":true,"href":"https:\/\/gruppobeltrame.com\/de\/wp-json\/wp\/v2\/tags?post=8156"}],"curies":[{"name":"wp","href":"https:\/\/api.w.org\/{rel}","templated":true}]}}