                                                                                                                                                                                                                                                                                                                                                                                                {"id":8038,"date":"2021-05-07T10:04:08","date_gmt":"2021-05-07T08:04:08","guid":{"rendered":"https:\/\/gruppobeltrame.com\/?p=8038"},"modified":"2021-05-07T10:04:08","modified_gmt":"2021-05-07T08:04:08","slug":"sustainabilitalks-afv-beltrame-group-exsulting-12-maggio-2021","status":"publish","type":"post","link":"https:\/\/gruppobeltrame.com\/de\/sustainabilitalks-afv-beltrame-group-exsulting-12-maggio-2021\/","title":{"rendered":"SustainabiliTALKS\u00a9 AFV Beltrame Group &#8211; Exsulting 12 Maggio 2021"},"content":{"rendered":"<p class=\"qtranxs-available-languages-message qtranxs-available-languages-message-de\">Leider ist der Eintrag nur auf <a href=\"https:\/\/gruppobeltrame.com\/it\/wp-json\/wp\/v2\/posts\/8038\" class=\"qtranxs-available-language-link qtranxs-available-language-link-it\" title=\"IT\">Italienisch<\/a> verf\u00fcgbar. Der Inhalt wird unten in einer verf\u00fcgbaren Sprache angezeigt. Klicken Sie auf den Link, um die aktuelle Sprache zu \u00e4ndern.<\/p><p> \u201cCFO e #Sostenibilit\u00e0, un\u2019alleanza possibile?\u201d ne parler\u00e0 Raffaele Ruella, CFO, Head of Corporate Services Managing Director di AFV Beltrame Group con Federico Fioretto nel consueto appuntamento dei SustainabiliTALKS\u00a9 di Exsulting, mercoled\u00ec 12 Maggio alle 17.30.<\/p>\n<p>Iscriviti qui all\u2019evento: <a href=\"https:\/\/www.linkedin.com\/events\/sustainabilitalks-6-episodio-cf6795616543406333952\/\">https:\/\/www.linkedin.com\/events\/sustainabilitalks-6-episodio-cf6795616543406333952\/<\/a><\/p>","protected":false},"excerpt":{"rendered":"<p>Leider ist der Eintrag nur auf Italienisch verf\u00fcgbar. Der Inhalt wird unten in einer verf\u00fcgbaren Sprache angezeigt. Klicken Sie auf den Link, um die aktuelle Sprache zu \u00e4ndern. \u201cCFO e #Sostenibilit\u00e0, un\u2019alleanza possibile?\u201d ne parler\u00e0 Raffaele Ruella, CFO, Head of Corporate Services Managing Director di AFV Beltrame Group con Federico Fioretto nel consueto appuntamento dei [&hellip;]<\/p>\n","protected":false},"author":180,"featured_media":8039,"comment_status":"open","ping_status":"open","sticky":false,"template":"","format":"standard","meta":[],"categories":[1],"tags":[],"_links":{"self":[{"href":"https:\/\/gruppobeltrame.com\/de\/wp-json\/wp\/v2\/posts\/8038"}],"collection":[{"href":"https:\/\/gruppobeltrame.com\/de\/wp-json\/wp\/v2\/posts"}],"about":[{"href":"https:\/\/gruppobeltrame.com\/de\/wp-json\/wp\/v2\/types\/post"}],"author":[{"embeddable":true,"href":"https:\/\/gruppobeltrame.com\/de\/wp-json\/wp\/v2\/users\/180"}],"replies":[{"embeddable":true,"href":"https:\/\/gruppobeltrame.com\/de\/wp-json\/wp\/v2\/comments?post=8038"}],"version-history":[{"count":0,"href":"https:\/\/gruppobeltrame.com\/de\/wp-json\/wp\/v2\/posts\/8038\/revisions"}],"wp:featuredmedia":[{"embeddable":true,"href":"https:\/\/gruppobeltrame.com\/de\/wp-json\/wp\/v2\/media\/8039"}],"wp:attachment":[{"href":"https:\/\/gruppobeltrame.com\/de\/wp-json\/wp\/v2\/media?parent=8038"}],"wp:term":[{"taxonomy":"category","embeddable":true,"href":"https:\/\/gruppobeltrame.com\/de\/wp-json\/wp\/v2\/categories?post=8038"},{"taxonomy":"post_tag","embeddable":true,"href":"https:\/\/gruppobeltrame.com\/de\/wp-json\/wp\/v2\/tags?post=8038"}],"curies":[{"name":"wp","href":"https:\/\/api.w.org\/{rel}","templated":true}]}}