                                                                                                                                                                                                                                                                                                                                                                                                {"id":7936,"date":"2021-04-21T09:58:53","date_gmt":"2021-04-21T07:58:53","guid":{"rendered":"https:\/\/gruppobeltrame.com\/?p=7936"},"modified":"2021-04-22T10:03:26","modified_gmt":"2021-04-22T08:03:26","slug":"lacademy-digitale-e-online","status":"publish","type":"post","link":"https:\/\/gruppobeltrame.com\/de\/lacademy-digitale-e-online\/","title":{"rendered":"L&#8217;Academy digitale \u00e8 online!"},"content":{"rendered":"<p class=\"qtranxs-available-languages-message qtranxs-available-languages-message-de\">Leider ist der Eintrag nur auf <a href=\"https:\/\/gruppobeltrame.com\/it\/wp-json\/wp\/v2\/posts\/7936\" class=\"qtranxs-available-language-link qtranxs-available-language-link-it\" title=\"IT\">Italienisch<\/a> verf\u00fcgbar. Der Inhalt wird unten in einer verf\u00fcgbaren Sprache angezeigt. Klicken Sie auf den Link, um die aktuelle Sprache zu \u00e4ndern.<\/p><p> Sguardo al futuro della formazione \u2018on demand\u2019 con l\u2019Academy digitale di AFV Beltrame Group.<br \/>\n\u00c8 partito il progetto pilota, per le sedi in Italia e in Svizzera, con la proposta di corsi di formazione per lo sviluppo delle competenze dei propri manager, dipendenti e collaboratori interni.<\/p>\n<p>L\u2019obiettivo della nuova sfida di AFV Beltrame Group \u00e8 quello di fornire una formazione continua attraverso una piattaforma dedicata e customizzata, un importante strumento funzionale anche alle attivit\u00e0 di trasferimento del know-how aziendale e di valorizzazione dei talenti.<\/p>\n<p>\u201cL\u2019Academy digitale di AFV Beltrame Group \u00e8 oggi un\u2019importante opportunit\u00e0 per tutte le persone che lavorano in azienda, a prescindere dal proprio ruolo professionale, un progetto rivolto ai manager, ai dipendenti, ai collaboratori interni che potranno consultare on line, in qualsiasi momento, i contenuti di formazione proposti dalla piattaforma, selezionando quelli pi\u00f9 interessanti. La tecnologia digitale diventa lo strumento ideale per il trasferimento delle competenze e per sviluppare quel senso di appartenenza che \u00e8 il motore vero del successo di un\u2019azienda\u201d ha commentato Roberto Valente, Direttore HR di AFV Beltrame Group.<br \/>\n\u201cSolo con la crescita professionale, culturale e umana delle nostre persone, si crea valore e si sostengono i processi di cambiamento garantendo la condivisione dei valori aziendali. La formazione ha assunto una connotazione pi\u00f9 strategica e innovativa rispetto a quella che aveva solo pochi anni fa, quando serviva a colmare gap formativi. Oggi \u00e8 cambiato sia il modo di considerarla che di fruirla, serve per acquisire nuove competenze, per aggiornarsi, per aumentare la propria professionalit\u00e0 e ad assicurare continuit\u00e0 al business, valorizzare i talenti, costruire piani di successione, attuare politiche di retention, attrarre nuove risorse ecc.\u201d. <\/p>\n<p>L\u2019Academy digitale di AFV Beltrame Group \u00e8 una piattaforma customizzata ricca di contenuti formativi, con corsi della durata massima di 4 ore e visualizzabili tutti i giorni e ad ogni ora, da ogni device (pc, tablet, smartphone).<\/p>\n<p>\u201cIn un momento cos\u00ec delicato, la formazione non si \u00e8 mai fermata e il progetto della Academy digitale ha risposto alle rinnovate esigenze di aggiornamento professionale. Un asset importante della nostra Academy \u00e8 che questa opportunit\u00e0 di self training e development, \u00e8 offerta a tutti i nostri dipendenti e non riservata solo a quei selezionati 20\/30 alunni che solitamente compongono una classica aula &#8211; ha sottolineato Giulia Caruso, Group HR Development Manager di AFV Beltrame Group &#8211; i partecipanti vengono ingaggiati con reminder periodici, una bacheca visualizza la proposta formativa, in tre delle lingue del Gruppo, italiano, francese, tedesco. Ci sono corsi formativi di natura pi\u00f9 tecnica, quali laminazione e sicurezza, fino a corsi dedicati a tematiche attuali, come sostenibilit\u00e0 e finanza. I contenuti multimediali, schede in powerpoint, relazioni, presentazioni, sono scaricabili in qualsiasi momento e sviluppano diverse tematiche\u201d. <\/p>\n<p>In totale sono 520 le pillole di formazione di base realizzate e distribuite da Skilla in collaborazione con Niuko, societ\u00e0 di formazione di Confindustria Vicenza, dedicate alle cosiddette \u201csoft skills\u201d, a cui si aggiungono quelle sulla formazione tecnica di settore, digitalizzate da Festo con contenuti ideati dagli esperti interni. Speexx si occupa invece della formazione linguistica, che include sia percorsi one-to-one nelle varie lingue di interesse, sia una formazione di base in inglese; Oltrematica ha fornito la piattaforma Tutorami, per la gestione e consultazione dei contenuti, con un configuratore che permette di preparare sessioni formative sulla base di materiali, video, lezioni e know-how forniti dall\u2019azienda.<\/p>","protected":false},"excerpt":{"rendered":"<p>Leider ist der Eintrag nur auf Italienisch verf\u00fcgbar. Der Inhalt wird unten in einer verf\u00fcgbaren Sprache angezeigt. Klicken Sie auf den Link, um die aktuelle Sprache zu \u00e4ndern. Sguardo al futuro della formazione \u2018on demand\u2019 con l\u2019Academy digitale di AFV Beltrame Group. \u00c8 partito il progetto pilota, per le sedi in Italia e in Svizzera, [&hellip;]<\/p>\n","protected":false},"author":180,"featured_media":7937,"comment_status":"open","ping_status":"open","sticky":false,"template":"","format":"standard","meta":[],"categories":[1],"tags":[],"_links":{"self":[{"href":"https:\/\/gruppobeltrame.com\/de\/wp-json\/wp\/v2\/posts\/7936"}],"collection":[{"href":"https:\/\/gruppobeltrame.com\/de\/wp-json\/wp\/v2\/posts"}],"about":[{"href":"https:\/\/gruppobeltrame.com\/de\/wp-json\/wp\/v2\/types\/post"}],"author":[{"embeddable":true,"href":"https:\/\/gruppobeltrame.com\/de\/wp-json\/wp\/v2\/users\/180"}],"replies":[{"embeddable":true,"href":"https:\/\/gruppobeltrame.com\/de\/wp-json\/wp\/v2\/comments?post=7936"}],"version-history":[{"count":0,"href":"https:\/\/gruppobeltrame.com\/de\/wp-json\/wp\/v2\/posts\/7936\/revisions"}],"wp:featuredmedia":[{"embeddable":true,"href":"https:\/\/gruppobeltrame.com\/de\/wp-json\/wp\/v2\/media\/7937"}],"wp:attachment":[{"href":"https:\/\/gruppobeltrame.com\/de\/wp-json\/wp\/v2\/media?parent=7936"}],"wp:term":[{"taxonomy":"category","embeddable":true,"href":"https:\/\/gruppobeltrame.com\/de\/wp-json\/wp\/v2\/categories?post=7936"},{"taxonomy":"post_tag","embeddable":true,"href":"https:\/\/gruppobeltrame.com\/de\/wp-json\/wp\/v2\/tags?post=7936"}],"curies":[{"name":"wp","href":"https:\/\/api.w.org\/{rel}","templated":true}]}}