                                                                                                                                                                                                                                                                                                                                                                                                {"id":7735,"date":"2021-03-18T14:56:22","date_gmt":"2021-03-18T13:56:22","guid":{"rendered":"https:\/\/gruppobeltrame.com\/?p=7735"},"modified":"2021-03-29T14:58:39","modified_gmt":"2021-03-29T12:58:39","slug":"en-global-recycling-day-giornata-mondiale-del-riciclo","status":"publish","type":"post","link":"https:\/\/gruppobeltrame.com\/de\/en-global-recycling-day-giornata-mondiale-del-riciclo\/","title":{"rendered":"Giornata mondiale del riciclo"},"content":{"rendered":"<p class=\"qtranxs-available-languages-message qtranxs-available-languages-message-de\">Leider ist der Eintrag nur auf <a href=\"https:\/\/gruppobeltrame.com\/it\/wp-json\/wp\/v2\/posts\/7735\" class=\"qtranxs-available-language-link qtranxs-available-language-link-it\" title=\"IT\">Italienisch<\/a> und <a href=\"https:\/\/gruppobeltrame.com\/en\/wp-json\/wp\/v2\/posts\/7735\" class=\"qtranxs-available-language-link qtranxs-available-language-link-en\" title=\"EN\">Amerikanisches Englisch<\/a> verf\u00fcgbar. Der Inhalt wird in der Standard-Sprache dieser Website angezeigt. Sie k\u00f6nnen einen Link anklicken, um zu einer anderen verf\u00fcgbaren Sprache zu wechseln.<\/p><p>Oggi \u00e8 la Giornata mondiale del riciclaggio! Creato nel 2018, \u00e8 stato istituito per celebrare l&#8217;importanza del riciclaggio e il ruolo principale che svolge nel preservare le nostre preziose risorse primarie e garantire il futuro del nostro pianeta.<\/p>\n<p>\u00c8 un giorno in cui il mondo si unir\u00e0 per questa causa e metter\u00e0 al primo posto il nostro pianeta.<\/p>\n<p>In AFV Beltrame Group siamo pienamente impegnati a dare nuova vita a rifiuti e sottoprodotti riciclandoli sia nei processi di produzione dell&#8217;acciaio che in altre attivit\u00e0 industriali o opere civili.<\/p>\n<p>Il nostro AWaReProject (All Waste Recovered), con l&#8217;obiettivo zero rifiuti in discarica, ha permesso al Gruppo di raggiungere un tasso di recupero dei rifiuti superiore al 90% nel 2020.<\/p>","protected":false},"excerpt":{"rendered":"<p>Leider ist der Eintrag nur auf Italienisch und Amerikanisches Englisch verf\u00fcgbar. Der Inhalt wird in der Standard-Sprache dieser Website angezeigt. Sie k\u00f6nnen einen Link anklicken, um zu einer anderen verf\u00fcgbaren Sprache zu wechseln.Oggi \u00e8 la Giornata mondiale del riciclaggio! Creato nel 2018, \u00e8 stato istituito per celebrare l&#8217;importanza del riciclaggio e il ruolo principale che [&hellip;]<\/p>\n","protected":false},"author":180,"featured_media":7772,"comment_status":"open","ping_status":"open","sticky":false,"template":"","format":"standard","meta":[],"categories":[1],"tags":[],"_links":{"self":[{"href":"https:\/\/gruppobeltrame.com\/de\/wp-json\/wp\/v2\/posts\/7735"}],"collection":[{"href":"https:\/\/gruppobeltrame.com\/de\/wp-json\/wp\/v2\/posts"}],"about":[{"href":"https:\/\/gruppobeltrame.com\/de\/wp-json\/wp\/v2\/types\/post"}],"author":[{"embeddable":true,"href":"https:\/\/gruppobeltrame.com\/de\/wp-json\/wp\/v2\/users\/180"}],"replies":[{"embeddable":true,"href":"https:\/\/gruppobeltrame.com\/de\/wp-json\/wp\/v2\/comments?post=7735"}],"version-history":[{"count":0,"href":"https:\/\/gruppobeltrame.com\/de\/wp-json\/wp\/v2\/posts\/7735\/revisions"}],"wp:featuredmedia":[{"embeddable":true,"href":"https:\/\/gruppobeltrame.com\/de\/wp-json\/wp\/v2\/media\/7772"}],"wp:attachment":[{"href":"https:\/\/gruppobeltrame.com\/de\/wp-json\/wp\/v2\/media?parent=7735"}],"wp:term":[{"taxonomy":"category","embeddable":true,"href":"https:\/\/gruppobeltrame.com\/de\/wp-json\/wp\/v2\/categories?post=7735"},{"taxonomy":"post_tag","embeddable":true,"href":"https:\/\/gruppobeltrame.com\/de\/wp-json\/wp\/v2\/tags?post=7735"}],"curies":[{"name":"wp","href":"https:\/\/api.w.org\/{rel}","templated":true}]}}