                                                                                                                                                                                                                                                                                                                                                                                                {"id":6976,"date":"2020-12-19T10:52:11","date_gmt":"2020-12-19T09:52:11","guid":{"rendered":"https:\/\/gruppobeltrame.com\/?p=6976"},"modified":"2021-03-16T15:30:20","modified_gmt":"2021-03-16T14:30:20","slug":"afv-donazione-di-plussiometri-ai-medici-dellulss-8-berica","status":"publish","type":"post","link":"https:\/\/gruppobeltrame.com\/de\/afv-donazione-di-plussiometri-ai-medici-dellulss-8-berica\/","title":{"rendered":"AFV donazione di plussiometri ai medici dell&#8217;Ulss 8 Berica"},"content":{"rendered":"<p class=\"qtranxs-available-languages-message qtranxs-available-languages-message-de\">Leider ist der Eintrag nur auf <a href=\"https:\/\/gruppobeltrame.com\/it\/wp-json\/wp\/v2\/posts\/6976\" class=\"qtranxs-available-language-link qtranxs-available-language-link-it\" title=\"IT\">Italienisch<\/a> verf\u00fcgbar. Der Inhalt wird unten in einer verf\u00fcgbaren Sprache angezeigt. Klicken Sie auf den Link, um die aktuelle Sprache zu \u00e4ndern.<\/p><p>In un anno cos\u00ec difficile, AFV Beltrame Group ha sentito il dovere di ringraziare coloro che sono sempre stati in prima linea durante l\u2019emergenza sanitaria. Volevamo che il nostro fosse un grazie concreto, che il nostro apprezzamento arrivasse in maniera tangibile al personale medico impegnato contro il\u00a0Covid19. E allora abbiamo pensato proprio di premiare chi quotidianamente nelle case di riposo, le pi\u00f9 colpite dal virus, opera senza sosta.<\/p>\n<p>Un gesto solidale da parte della nostra Azienda, che a partire dai suoi fondatori, ha sempre avuto a cuore le comunit\u00e0 ed il territorio in cui \u00e8 inserita.<\/p>\n<p>L&#8217;iniziativa \u00e8 stata presentata ieri dalla Famiglia Beltrame insieme ai vertici dell&#8217;Ulss 8 berica <a href=\"https:\/\/www.linkedin.com\/in\/ACoAABK1W6ABh-qRDmjfLH1OJ-RZsuYk8U5fZrg\" data-attribute-index=\"1\" data-entity-hovercard-id=\"urn:li:fs_miniProfile:ACoAABK1W6ABh-qRDmjfLH1OJ-RZsuYk8U5fZrg\" data-entity-type=\"MINI_PROFILE\">Giovanni Pavesi<\/a>\u00a0e\u00a0<a href=\"https:\/\/www.linkedin.com\/in\/ACoAAAZZSM8BSVOqkMore6n9ivv2u9wGdUtg0Qw\" data-attribute-index=\"3\" data-entity-hovercard-id=\"urn:li:fs_miniProfile:ACoAAAZZSM8BSVOqkMore6n9ivv2u9wGdUtg0Qw\" data-entity-type=\"MINI_PROFILE\">Giampaolo Stopazzolo<\/a><\/p>","protected":false},"excerpt":{"rendered":"<p>Leider ist der Eintrag nur auf Italienisch verf\u00fcgbar. Der Inhalt wird unten in einer verf\u00fcgbaren Sprache angezeigt. Klicken Sie auf den Link, um die aktuelle Sprache zu \u00e4ndern.In un anno cos\u00ec difficile, AFV Beltrame Group ha sentito il dovere di ringraziare coloro che sono sempre stati in prima linea durante l\u2019emergenza sanitaria. Volevamo che il [&hellip;]<\/p>\n","protected":false},"author":180,"featured_media":7268,"comment_status":"open","ping_status":"open","sticky":false,"template":"","format":"standard","meta":[],"categories":[1],"tags":[],"_links":{"self":[{"href":"https:\/\/gruppobeltrame.com\/de\/wp-json\/wp\/v2\/posts\/6976"}],"collection":[{"href":"https:\/\/gruppobeltrame.com\/de\/wp-json\/wp\/v2\/posts"}],"about":[{"href":"https:\/\/gruppobeltrame.com\/de\/wp-json\/wp\/v2\/types\/post"}],"author":[{"embeddable":true,"href":"https:\/\/gruppobeltrame.com\/de\/wp-json\/wp\/v2\/users\/180"}],"replies":[{"embeddable":true,"href":"https:\/\/gruppobeltrame.com\/de\/wp-json\/wp\/v2\/comments?post=6976"}],"version-history":[{"count":0,"href":"https:\/\/gruppobeltrame.com\/de\/wp-json\/wp\/v2\/posts\/6976\/revisions"}],"wp:featuredmedia":[{"embeddable":true,"href":"https:\/\/gruppobeltrame.com\/de\/wp-json\/wp\/v2\/media\/7268"}],"wp:attachment":[{"href":"https:\/\/gruppobeltrame.com\/de\/wp-json\/wp\/v2\/media?parent=6976"}],"wp:term":[{"taxonomy":"category","embeddable":true,"href":"https:\/\/gruppobeltrame.com\/de\/wp-json\/wp\/v2\/categories?post=6976"},{"taxonomy":"post_tag","embeddable":true,"href":"https:\/\/gruppobeltrame.com\/de\/wp-json\/wp\/v2\/tags?post=6976"}],"curies":[{"name":"wp","href":"https:\/\/api.w.org\/{rel}","templated":true}]}}