                                                                                                                                                                                                                                                                                                                                                                                                {"id":6959,"date":"2020-12-04T15:24:06","date_gmt":"2020-12-04T14:24:06","guid":{"rendered":"https:\/\/gruppobeltrame.com\/?p=6959"},"modified":"2021-03-16T15:35:21","modified_gmt":"2021-03-16T14:35:21","slug":"il-cco-di-afv-beltrame-group-intervistato-da-siderweb","status":"publish","type":"post","link":"https:\/\/gruppobeltrame.com\/de\/il-cco-di-afv-beltrame-group-intervistato-da-siderweb\/","title":{"rendered":"Il CCO di AFV Beltrame Group intervistato da Siderweb"},"content":{"rendered":"<p class=\"qtranxs-available-languages-message qtranxs-available-languages-message-de\">Leider ist der Eintrag nur auf <a href=\"https:\/\/gruppobeltrame.com\/it\/wp-json\/wp\/v2\/posts\/6959\" class=\"qtranxs-available-language-link qtranxs-available-language-link-it\" title=\"IT\">Italienisch<\/a> und <a href=\"https:\/\/gruppobeltrame.com\/en\/wp-json\/wp\/v2\/posts\/6959\" class=\"qtranxs-available-language-link qtranxs-available-language-link-en\" title=\"EN\">Amerikanisches Englisch<\/a> verf\u00fcgbar. Der Inhalt wird in der Standard-Sprache dieser Website angezeigt. Sie k\u00f6nnen einen Link anklicken, um zu einer anderen verf\u00fcgbaren Sprache zu wechseln.<\/p><p><a href=\"https:\/\/www.linkedin.com\/in\/ACoAAA0JxW0BQ7bENwVMx4g8IpuENfRYzlWv5cU\">Enrico Fornelli<\/a> intervistato da <a href=\"https:\/\/www.linkedin.com\/posts\/gruppo-beltrame_bda-2020-afv-beltrame-un-vantaggio-il-activity-6740531356545114112-ZDpz\">siderweb <\/a>sull&#8217;attuale situazione del mercato dell&#8217;acciaio con focus su AFV Beltrame Group.<\/p>\n<p><a href=\"https:\/\/gruppobeltrame.com\/wp-content\/uploads\/2020\/12\/BDA-2020.-afv-beltrame-un-vantaggio-il-mercato-piu-regolato.pdf\">Leggi l&#8217;articolo completo: Afv Beltrame un vantaggio il mercato pi\u00f9 regolato<\/a><\/p>\n<p>","protected":false},"excerpt":{"rendered":"<p>Leider ist der Eintrag nur auf Italienisch und Amerikanisches Englisch verf\u00fcgbar. Der Inhalt wird in der Standard-Sprache dieser Website angezeigt. Sie k\u00f6nnen einen Link anklicken, um zu einer anderen verf\u00fcgbaren Sprache zu wechseln.Enrico Fornelli intervistato da siderweb sull&#8217;attuale situazione del mercato dell&#8217;acciaio con focus su AFV Beltrame Group. Leggi l&#8217;articolo completo: Afv Beltrame un vantaggio [&hellip;]<\/p>\n","protected":false},"author":180,"featured_media":7274,"comment_status":"open","ping_status":"open","sticky":false,"template":"","format":"standard","meta":[],"categories":[1],"tags":[],"_links":{"self":[{"href":"https:\/\/gruppobeltrame.com\/de\/wp-json\/wp\/v2\/posts\/6959"}],"collection":[{"href":"https:\/\/gruppobeltrame.com\/de\/wp-json\/wp\/v2\/posts"}],"about":[{"href":"https:\/\/gruppobeltrame.com\/de\/wp-json\/wp\/v2\/types\/post"}],"author":[{"embeddable":true,"href":"https:\/\/gruppobeltrame.com\/de\/wp-json\/wp\/v2\/users\/180"}],"replies":[{"embeddable":true,"href":"https:\/\/gruppobeltrame.com\/de\/wp-json\/wp\/v2\/comments?post=6959"}],"version-history":[{"count":0,"href":"https:\/\/gruppobeltrame.com\/de\/wp-json\/wp\/v2\/posts\/6959\/revisions"}],"wp:featuredmedia":[{"embeddable":true,"href":"https:\/\/gruppobeltrame.com\/de\/wp-json\/wp\/v2\/media\/7274"}],"wp:attachment":[{"href":"https:\/\/gruppobeltrame.com\/de\/wp-json\/wp\/v2\/media?parent=6959"}],"wp:term":[{"taxonomy":"category","embeddable":true,"href":"https:\/\/gruppobeltrame.com\/de\/wp-json\/wp\/v2\/categories?post=6959"},{"taxonomy":"post_tag","embeddable":true,"href":"https:\/\/gruppobeltrame.com\/de\/wp-json\/wp\/v2\/tags?post=6959"}],"curies":[{"name":"wp","href":"https:\/\/api.w.org\/{rel}","templated":true}]}}