                                                                                                                                                                                                                                                                                                                                                                                                {"id":6578,"date":"2020-02-25T11:39:06","date_gmt":"2020-02-25T10:39:06","guid":{"rendered":"https:\/\/gruppobeltrame.com\/?p=5311"},"modified":"2020-02-25T11:39:06","modified_gmt":"2020-02-25T10:39:06","slug":"italia-in-classe-a","status":"publish","type":"post","link":"https:\/\/gruppobeltrame.com\/de\/italia-in-classe-a\/","title":{"rendered":"Video: Italia in classe A"},"content":{"rendered":"<p class=\"qtranxs-available-languages-message qtranxs-available-languages-message-de\">Leider ist der Eintrag nur auf <a href=\"https:\/\/gruppobeltrame.com\/it\/wp-json\/wp\/v2\/posts\/6578\" class=\"qtranxs-available-language-link qtranxs-available-language-link-it\" title=\"IT\">Italienisch<\/a> und <a href=\"https:\/\/gruppobeltrame.com\/en\/wp-json\/wp\/v2\/posts\/6578\" class=\"qtranxs-available-language-link qtranxs-available-language-link-en\" title=\"EN\">Amerikanisches Englisch<\/a> verf\u00fcgbar. Der Inhalt wird in der Standard-Sprache dieser Website angezeigt. Sie k\u00f6nnen einen Link anklicken, um zu einer anderen verf\u00fcgbaren Sprache zu wechseln.<\/p><p> Orgogliosi di aver ospitato il giornalista Marco Gisotti e il ricercatore dell\u2019ENEA Antonio Disi, che hanno fatto tappa nell\u2019acciaieria vicentina del Gruppo Beltrame durante il loro viaggio per l\u2019Italia alla scoperta delle migliori storie di efficienza energetica per il programma &#8222;Italia in Classe A&#8220;.<br \/>\nGuarda qui il video: <a href=\"https:\/\/www.lastampa.it\/tuttogreen\/2020\/02\/25\/news\/acciaio-ritorno-al-futuro-1.38512201?fbclid=IwAR3BrEXPVCuHVhv7cNzzVzmNU1YvyoCSONGshqZ5wW1Tgww3isyx8I4n0a8\">https:\/\/www.lastampa.it\/tuttogreen\/2020\/02\/25\/news\/acciaio-ritorno-al-futuro-1.38512201?fbclid=IwAR3BrEXPVCuHVhv7cNzzVzmNU1YvyoCSONGshqZ5wW1Tgww3isyx8I4n0a8<\/a><br \/>","protected":false},"excerpt":{"rendered":"<p>Leider ist der Eintrag nur auf Italienisch und Amerikanisches Englisch verf\u00fcgbar. Der Inhalt wird in der Standard-Sprache dieser Website angezeigt. Sie k\u00f6nnen einen Link anklicken, um zu einer anderen verf\u00fcgbaren Sprache zu wechseln. Orgogliosi di aver ospitato il giornalista Marco Gisotti e il ricercatore dell\u2019ENEA Antonio Disi, che hanno fatto tappa nell\u2019acciaieria vicentina del Gruppo [&hellip;]<\/p>\n","protected":false},"author":180,"featured_media":5327,"comment_status":"open","ping_status":"open","sticky":true,"template":"","format":"standard","meta":[],"categories":[1],"tags":[],"_links":{"self":[{"href":"https:\/\/gruppobeltrame.com\/de\/wp-json\/wp\/v2\/posts\/6578"}],"collection":[{"href":"https:\/\/gruppobeltrame.com\/de\/wp-json\/wp\/v2\/posts"}],"about":[{"href":"https:\/\/gruppobeltrame.com\/de\/wp-json\/wp\/v2\/types\/post"}],"author":[{"embeddable":true,"href":"https:\/\/gruppobeltrame.com\/de\/wp-json\/wp\/v2\/users\/180"}],"replies":[{"embeddable":true,"href":"https:\/\/gruppobeltrame.com\/de\/wp-json\/wp\/v2\/comments?post=6578"}],"version-history":[{"count":0,"href":"https:\/\/gruppobeltrame.com\/de\/wp-json\/wp\/v2\/posts\/6578\/revisions"}],"wp:featuredmedia":[{"embeddable":true,"href":"https:\/\/gruppobeltrame.com\/de\/wp-json\/wp\/v2\/media\/5327"}],"wp:attachment":[{"href":"https:\/\/gruppobeltrame.com\/de\/wp-json\/wp\/v2\/media?parent=6578"}],"wp:term":[{"taxonomy":"category","embeddable":true,"href":"https:\/\/gruppobeltrame.com\/de\/wp-json\/wp\/v2\/categories?post=6578"},{"taxonomy":"post_tag","embeddable":true,"href":"https:\/\/gruppobeltrame.com\/de\/wp-json\/wp\/v2\/tags?post=6578"}],"curies":[{"name":"wp","href":"https:\/\/api.w.org\/{rel}","templated":true}]}}