                                                                                                                                                                                                                                                                                                                                                                                                {"id":5452,"date":"2020-03-17T12:43:07","date_gmt":"2020-03-17T11:43:07","guid":{"rendered":"https:\/\/gruppobeltrame.com\/?p=5452"},"modified":"2020-03-17T12:43:07","modified_gmt":"2020-03-17T11:43:07","slug":"coronavirus-beltrame-avvia-la-sospensione-delle-attivita","status":"publish","type":"post","link":"https:\/\/gruppobeltrame.com\/de\/coronavirus-beltrame-avvia-la-sospensione-delle-attivita\/","title":{"rendered":"Coronavirus: Beltrame avvia la sospensione delle attivit\u00e0"},"content":{"rendered":"<p class=\"qtranxs-available-languages-message qtranxs-available-languages-message-de\">Leider ist der Eintrag nur auf <a href=\"https:\/\/gruppobeltrame.com\/it\/wp-json\/wp\/v2\/posts\/5452\" class=\"qtranxs-available-language-link qtranxs-available-language-link-it\" title=\"IT\">Italienisch<\/a> und <a href=\"https:\/\/gruppobeltrame.com\/en\/wp-json\/wp\/v2\/posts\/5452\" class=\"qtranxs-available-language-link qtranxs-available-language-link-en\" title=\"EN\">Amerikanisches Englisch<\/a> verf\u00fcgbar. Der Inhalt wird in der Standard-Sprache dieser Website angezeigt. Sie k\u00f6nnen einen Link anklicken, um zu einer anderen verf\u00fcgbaren Sprache zu wechseln.<\/p><p> Coronavirus: Beltrame avvia la sospensione dell\u2019attivit\u00e0.<br \/>\nGi\u00e0 a partire dal 24 febbraio scorso, l\u2019azienda ha adottato misure di precauzione sempre pi\u00f9 stringenti per la prevenzione della salute dei dipendenti per fronteggiare la diffusione del Coronavirus. Ad oggi nessun caso di Covid-19 \u00e8 stato riscontrato tra i nostri collaboratori, ma si \u00e8 comunque deciso di sospendere, seguendo uno specifico calendario, l\u2019attivit\u00e0 industriale nello stabilimento di Vicenza, mentre negli altri stabilimenti italiani di San Giovanni (AR) e San Didero (TO) l\u2019attivit\u00e0 \u00e8 stata rallentata. La disposizione \u00e8 stata presa e condivisa allo scopo di contribuire allo sforzo in corso dell\u2019intero Paese e per  consentire ai nostri collaboratori di restare accanto alle proprie famiglie e di rassicurale e conseguentemente di tutelare le Comunit\u00e0 di cui fanno parte. In ogni sito rimane attivo il protocollo per la gestione del Coronavirus gi\u00e0 in essere. #Coronavirus #Covid19<\/p>\n<p>","protected":false},"excerpt":{"rendered":"<p>Leider ist der Eintrag nur auf Italienisch und Amerikanisches Englisch verf\u00fcgbar. Der Inhalt wird in der Standard-Sprache dieser Website angezeigt. Sie k\u00f6nnen einen Link anklicken, um zu einer anderen verf\u00fcgbaren Sprache zu wechseln. Coronavirus: Beltrame avvia la sospensione dell\u2019attivit\u00e0. Gi\u00e0 a partire dal 24 febbraio scorso, l\u2019azienda ha adottato misure di precauzione sempre pi\u00f9 stringenti [&hellip;]<\/p>\n","protected":false},"author":180,"featured_media":5453,"comment_status":"open","ping_status":"open","sticky":false,"template":"","format":"standard","meta":[],"categories":[1],"tags":[],"_links":{"self":[{"href":"https:\/\/gruppobeltrame.com\/de\/wp-json\/wp\/v2\/posts\/5452"}],"collection":[{"href":"https:\/\/gruppobeltrame.com\/de\/wp-json\/wp\/v2\/posts"}],"about":[{"href":"https:\/\/gruppobeltrame.com\/de\/wp-json\/wp\/v2\/types\/post"}],"author":[{"embeddable":true,"href":"https:\/\/gruppobeltrame.com\/de\/wp-json\/wp\/v2\/users\/180"}],"replies":[{"embeddable":true,"href":"https:\/\/gruppobeltrame.com\/de\/wp-json\/wp\/v2\/comments?post=5452"}],"version-history":[{"count":0,"href":"https:\/\/gruppobeltrame.com\/de\/wp-json\/wp\/v2\/posts\/5452\/revisions"}],"wp:featuredmedia":[{"embeddable":true,"href":"https:\/\/gruppobeltrame.com\/de\/wp-json\/wp\/v2\/media\/5453"}],"wp:attachment":[{"href":"https:\/\/gruppobeltrame.com\/de\/wp-json\/wp\/v2\/media?parent=5452"}],"wp:term":[{"taxonomy":"category","embeddable":true,"href":"https:\/\/gruppobeltrame.com\/de\/wp-json\/wp\/v2\/categories?post=5452"},{"taxonomy":"post_tag","embeddable":true,"href":"https:\/\/gruppobeltrame.com\/de\/wp-json\/wp\/v2\/tags?post=5452"}],"curies":[{"name":"wp","href":"https:\/\/api.w.org\/{rel}","templated":true}]}}