                                                                                                                                                                                                                                                                                                                                                                                                {"id":3402,"date":"2019-05-23T15:36:05","date_gmt":"2019-05-23T13:36:05","guid":{"rendered":"https:\/\/gruppobeltrame.com\/?p=3402"},"modified":"2019-05-27T15:59:14","modified_gmt":"2019-05-27T13:59:14","slug":"barbara-beltrame-nel-consiglio-generale-di-confindustria-nazionale","status":"publish","type":"post","link":"https:\/\/gruppobeltrame.com\/de\/barbara-beltrame-nel-consiglio-generale-di-confindustria-nazionale\/","title":{"rendered":"Barbara Beltrame nel Consiglio Generale di Confindustria nazionale"},"content":{"rendered":"<p class=\"qtranxs-available-languages-message qtranxs-available-languages-message-de\">Leider ist der Eintrag nur auf <a href=\"https:\/\/gruppobeltrame.com\/it\/wp-json\/wp\/v2\/posts\/3402\" class=\"qtranxs-available-language-link qtranxs-available-language-link-it\" title=\"IT\">Italienisch<\/a> und <a href=\"https:\/\/gruppobeltrame.com\/en\/wp-json\/wp\/v2\/posts\/3402\" class=\"qtranxs-available-language-link qtranxs-available-language-link-en\" title=\"EN\">Amerikanisches Englisch<\/a> verf\u00fcgbar. Der Inhalt wird in der Standard-Sprache dieser Website angezeigt. Sie k\u00f6nnen einen Link anklicken, um zu einer anderen verf\u00fcgbaren Sprache zu wechseln.<\/p><p> Congratulazioni alla nostra Barbara Beltrame Giacomello per l&#8217;elezione nel Consiglio Generale di Confindustria nazionale! <a href=\"https:\/\/gruppobeltrame.com\/wp-content\/uploads\/2019\/05\/Il-Giornale-di-Vicenza-23.05.2019.pdf\">Il Giornale di Vicenza 23.05.2019<\/a>","protected":false},"excerpt":{"rendered":"<p>Leider ist der Eintrag nur auf Italienisch und Amerikanisches Englisch verf\u00fcgbar. Der Inhalt wird in der Standard-Sprache dieser Website angezeigt. Sie k\u00f6nnen einen Link anklicken, um zu einer anderen verf\u00fcgbaren Sprache zu wechseln. Congratulazioni alla nostra Barbara Beltrame Giacomello per l&#8217;elezione nel Consiglio Generale di Confindustria nazionale! Il Giornale di Vicenza 23.05.2019<\/p>\n","protected":false},"author":180,"featured_media":3414,"comment_status":"open","ping_status":"open","sticky":true,"template":"","format":"standard","meta":[],"categories":[1],"tags":[],"_links":{"self":[{"href":"https:\/\/gruppobeltrame.com\/de\/wp-json\/wp\/v2\/posts\/3402"}],"collection":[{"href":"https:\/\/gruppobeltrame.com\/de\/wp-json\/wp\/v2\/posts"}],"about":[{"href":"https:\/\/gruppobeltrame.com\/de\/wp-json\/wp\/v2\/types\/post"}],"author":[{"embeddable":true,"href":"https:\/\/gruppobeltrame.com\/de\/wp-json\/wp\/v2\/users\/180"}],"replies":[{"embeddable":true,"href":"https:\/\/gruppobeltrame.com\/de\/wp-json\/wp\/v2\/comments?post=3402"}],"version-history":[{"count":0,"href":"https:\/\/gruppobeltrame.com\/de\/wp-json\/wp\/v2\/posts\/3402\/revisions"}],"wp:featuredmedia":[{"embeddable":true,"href":"https:\/\/gruppobeltrame.com\/de\/wp-json\/wp\/v2\/media\/3414"}],"wp:attachment":[{"href":"https:\/\/gruppobeltrame.com\/de\/wp-json\/wp\/v2\/media?parent=3402"}],"wp:term":[{"taxonomy":"category","embeddable":true,"href":"https:\/\/gruppobeltrame.com\/de\/wp-json\/wp\/v2\/categories?post=3402"},{"taxonomy":"post_tag","embeddable":true,"href":"https:\/\/gruppobeltrame.com\/de\/wp-json\/wp\/v2\/tags?post=3402"}],"curies":[{"name":"wp","href":"https:\/\/api.w.org\/{rel}","templated":true}]}}