                                                                                                                                                                                                                                                                                                                                                                                                {"id":3312,"date":"2019-04-18T16:40:23","date_gmt":"2019-04-18T14:40:23","guid":{"rendered":"https:\/\/gruppobeltrame.com\/?p=3312"},"modified":"2019-11-13T17:12:54","modified_gmt":"2019-11-13T16:12:54","slug":"lambasciatore-francese-in-visita-in-afv-beltrame-group","status":"publish","type":"post","link":"https:\/\/gruppobeltrame.com\/de\/lambasciatore-francese-in-visita-in-afv-beltrame-group\/","title":{"rendered":"L&#8217;Ambasciatore francese in visita in AFV Beltrame Group"},"content":{"rendered":"<p class=\"qtranxs-available-languages-message qtranxs-available-languages-message-de\">Leider ist der Eintrag nur auf <a href=\"https:\/\/gruppobeltrame.com\/it\/wp-json\/wp\/v2\/posts\/3312\" class=\"qtranxs-available-language-link qtranxs-available-language-link-it\" title=\"IT\">Italienisch<\/a> und <a href=\"https:\/\/gruppobeltrame.com\/en\/wp-json\/wp\/v2\/posts\/3312\" class=\"qtranxs-available-language-link qtranxs-available-language-link-en\" title=\"EN\">Amerikanisches Englisch<\/a> verf\u00fcgbar. Der Inhalt wird in der Standard-Sprache dieser Website angezeigt. Sie k\u00f6nnen einen Link anklicken, um zu einer anderen verf\u00fcgbaren Sprache zu wechseln.<\/p><p> Onorati di aver ospitato l&#8217;Ambasciatore di Francia a Roma, Christian Masset con la signora Masset, accompagnati da Antoine Starky, Cyrille Rougeau, Charlotte Diers, Remo Pedon, Vicepresidente di Confindustria Vicenza e Barbara Beltrame Giacomello, Head of Communications &#038; Marketing AFV Beltrame Group, per una visita guidata del nostro stabilimento di Vicenza. Ecco l&#8217;articolo pubblicato da Il Giornale di Vicenza, oggi <a href=\"https:\/\/www.ilgiornaledivicenza.it\/home\/economia\/beltrame-modello-e-per-notre-dame-ci-aiuterete-voi-1.7274270\">https:\/\/www.ilgiornaledivicenza.it\/home\/economia\/beltrame-modello-e-per-notre-dame-ci-aiuterete-voi-1.7274270<\/a>","protected":false},"excerpt":{"rendered":"<p>Leider ist der Eintrag nur auf Italienisch und Amerikanisches Englisch verf\u00fcgbar. Der Inhalt wird in der Standard-Sprache dieser Website angezeigt. Sie k\u00f6nnen einen Link anklicken, um zu einer anderen verf\u00fcgbaren Sprache zu wechseln. Onorati di aver ospitato l&#8217;Ambasciatore di Francia a Roma, Christian Masset con la signora Masset, accompagnati da Antoine Starky, Cyrille Rougeau, Charlotte [&hellip;]<\/p>\n","protected":false},"author":180,"featured_media":3314,"comment_status":"open","ping_status":"open","sticky":false,"template":"","format":"standard","meta":[],"categories":[1],"tags":[],"_links":{"self":[{"href":"https:\/\/gruppobeltrame.com\/de\/wp-json\/wp\/v2\/posts\/3312"}],"collection":[{"href":"https:\/\/gruppobeltrame.com\/de\/wp-json\/wp\/v2\/posts"}],"about":[{"href":"https:\/\/gruppobeltrame.com\/de\/wp-json\/wp\/v2\/types\/post"}],"author":[{"embeddable":true,"href":"https:\/\/gruppobeltrame.com\/de\/wp-json\/wp\/v2\/users\/180"}],"replies":[{"embeddable":true,"href":"https:\/\/gruppobeltrame.com\/de\/wp-json\/wp\/v2\/comments?post=3312"}],"version-history":[{"count":0,"href":"https:\/\/gruppobeltrame.com\/de\/wp-json\/wp\/v2\/posts\/3312\/revisions"}],"wp:featuredmedia":[{"embeddable":true,"href":"https:\/\/gruppobeltrame.com\/de\/wp-json\/wp\/v2\/media\/3314"}],"wp:attachment":[{"href":"https:\/\/gruppobeltrame.com\/de\/wp-json\/wp\/v2\/media?parent=3312"}],"wp:term":[{"taxonomy":"category","embeddable":true,"href":"https:\/\/gruppobeltrame.com\/de\/wp-json\/wp\/v2\/categories?post=3312"},{"taxonomy":"post_tag","embeddable":true,"href":"https:\/\/gruppobeltrame.com\/de\/wp-json\/wp\/v2\/tags?post=3312"}],"curies":[{"name":"wp","href":"https:\/\/api.w.org\/{rel}","templated":true}]}}