                                                                                                                                                                                                                                                                                                                                                                                                {"id":33057,"date":"2025-06-27T12:52:34","date_gmt":"2025-06-27T10:52:34","guid":{"rendered":"https:\/\/gruppobeltrame.com\/?p=33057"},"modified":"2025-07-07T12:56:14","modified_gmt":"2025-07-07T10:56:14","slug":"un-anno-accademico-per-giancarlo-beltrame-memoria-visione-e-futuro","status":"publish","type":"post","link":"https:\/\/gruppobeltrame.com\/de\/un-anno-accademico-per-giancarlo-beltrame-memoria-visione-e-futuro\/","title":{"rendered":"Un anno accademico per Giancarlo Beltrame: memoria, visione e futuro"},"content":{"rendered":"<p class=\"qtranxs-available-languages-message qtranxs-available-languages-message-de\">Leider ist der Eintrag nur auf <a href=\"https:\/\/gruppobeltrame.com\/it\/wp-json\/wp\/v2\/posts\/33057\" class=\"qtranxs-available-language-link qtranxs-available-language-link-it\" title=\"IT\">Italienisch<\/a> und <a href=\"https:\/\/gruppobeltrame.com\/en\/wp-json\/wp\/v2\/posts\/33057\" class=\"qtranxs-available-language-link qtranxs-available-language-link-en\" title=\"EN\">Amerikanisches Englisch<\/a> verf\u00fcgbar. Der Inhalt wird in der Standard-Sprache dieser Website angezeigt. Sie k\u00f6nnen einen Link anklicken, um zu einer anderen verf\u00fcgbaren Sprache zu wechseln.<\/p><p> <a href=\"https:\/\/www.linkedin.com\/company\/fondazione-studi-universitari-di-vicenza\/?lipi=urn%3Ali%3Apage%3Ad_flagship3_company_posts%3BoIO78DKJQCmOl7waqBF8Yw%3D%3D\">La Fondazione Studi Universitari di Vicenza<\/a> ha scelto di dedicare, l\u2019anno accademico 2024\/2025 all\u2019ing. Giancarlo Beltrame nel centenario della sua nascita, figura centrale dell\u2019imprenditoria vicentina e uomo di profonda cultura. <\/p>\n<p>Un gesto che va oltre la commemorazione: un invito a riflettere sul valore della #conoscenza, dell&#8217;#innovazione e del legame con il #territorio.<\/p>\n<p>Durante la cerimonia, il prof. Maurizio Rippa Bonati ha condiviso un ritratto intimo e appassionato dell\u2019Ingegnere, rivolto soprattutto a chi non ha avuto la fortuna di conoscerlo. Ne \u00e8 emersa la storia di un uomo che ha saputo trasformare ogni limite in occasione di studio, #visione e generosit\u00e0.<\/p>\n<p>Fondatore del \u201cCentro internazionale di storia dello spazio e del tempo\u201d di Brugine (PD), collezionista raffinato e curioso, Giancarlo Beltrame ha saputo coniugare #industria e #cultura, innovazione e memoria. La sua biblioteca, arricchita da opere rare e preziose, \u00e8 oggi patrimonio condiviso con la citt\u00e0 di Vicenza grazie alla generosit\u00e0 dei suoi eredi che ne hanno donato alla citt\u00e0 una significativa selezione.<\/p>\n<p>Il suo spirito pionieristico ha anticipato collaborazioni tra impresa e universit\u00e0, promuovendo la ricerca come motore di progresso. E il suo approccio alla sostenibilit\u00e0, alla sicurezza e all\u2019efficienza energetica resta un riferimento per l\u2019industria contemporanea.<\/p>\n<p>Questa dedica non \u00e8 solo un tributo: \u00e8 un invito per le nuove generazioni a guardare al futuro con la stessa curiosit\u00e0 e profondit\u00e0 che hanno guidato l\u2019Ingegnere. <\/p>\n<p>Perch\u00e9, come ha ricordato il prof. Rippa Bonati, \u201cGiancarlo Beltrame era una quercia che ha saputo essere un melo\u201d. La \u201cquercia\u201d rappresenta la forza, la stabilit\u00e0, l\u2019autorevolezza dell\u2019imprenditore e uomo di cultura. Il \u201cmelo\u201d, la capacit\u00e0 di far crescere e dare frutti, cio\u00e8 di trasmettere valori, conoscenza e ispirazione per i posteri.<\/p>\n<p>E davvero Giancarlo Beltrame ha saputo stimolare e nutrire nuove idee e persone, lasciando un\u2019eredit\u00e0 viva e fertile.<br \/>\n\t\n        <div class=\"bs-5\">\n            <div class=\"swiper-container\"\n                 data-slider-options='{ \"slidesPerView\": 1, \"loop\": true, \"pagination\": { \"el\": \".swiper-pagination\", \"clickable\": true }, \"navigation\": { \"nextEl\": \".swiper-button-next-nav\", \"prevEl\": \".swiper-button-previous-nav\" }, \"autoplay\": { \"delay\": 4500, \"disableOnInteraction\": false }, \"keyboard\": { \"enabled\": true, \"onlyInViewport\": true }, \"effect\": \"slide\" }'>\n                <div class=\"swiper-wrapper\">\n\t\t\t\t\t                        <div class=\"swiper-slide\">\n                            <a href=\"https:\/\/gruppobeltrame.com\/wp-content\/uploads\/2025\/07\/gb6.png\"\n                                data-lightbox=\"lightbox-gallery\">\n                                <img class=\"img-fluid\" style=\"aspect-ratio: 640\/480; object-fit:contain;\"\n                                     src=\"https:\/\/gruppobeltrame.com\/wp-content\/uploads\/2025\/07\/gb6.png\" alt=\"\">\n                            <\/a>\n                        <\/div>\n\t\t\t\t\t                        <div class=\"swiper-slide\">\n                            <a href=\"https:\/\/gruppobeltrame.com\/wp-content\/uploads\/2025\/07\/gb5.png\"\n                                data-lightbox=\"lightbox-gallery\">\n                                <img class=\"img-fluid\" style=\"aspect-ratio: 640\/480; object-fit:contain;\"\n                                     src=\"https:\/\/gruppobeltrame.com\/wp-content\/uploads\/2025\/07\/gb5.png\" alt=\"\">\n                            <\/a>\n                        <\/div>\n\t\t\t\t\t                        <div class=\"swiper-slide\">\n                            <a href=\"https:\/\/gruppobeltrame.com\/wp-content\/uploads\/2025\/07\/gb4.png\"\n                                data-lightbox=\"lightbox-gallery\">\n                                <img class=\"img-fluid\" style=\"aspect-ratio: 640\/480; object-fit:contain;\"\n                                     src=\"https:\/\/gruppobeltrame.com\/wp-content\/uploads\/2025\/07\/gb4.png\" alt=\"\">\n                            <\/a>\n                        <\/div>\n\t\t\t\t\t                        <div class=\"swiper-slide\">\n                            <a href=\"https:\/\/gruppobeltrame.com\/wp-content\/uploads\/2025\/07\/gb3.png\"\n                                data-lightbox=\"lightbox-gallery\">\n                                <img class=\"img-fluid\" style=\"aspect-ratio: 640\/480; object-fit:contain;\"\n                                     src=\"https:\/\/gruppobeltrame.com\/wp-content\/uploads\/2025\/07\/gb3.png\" alt=\"\">\n                            <\/a>\n                        <\/div>\n\t\t\t\t\t                        <div class=\"swiper-slide\">\n                            <a href=\"https:\/\/gruppobeltrame.com\/wp-content\/uploads\/2025\/07\/gb2.png\"\n                                data-lightbox=\"lightbox-gallery\">\n                                <img class=\"img-fluid\" style=\"aspect-ratio: 640\/480; object-fit:contain;\"\n                                     src=\"https:\/\/gruppobeltrame.com\/wp-content\/uploads\/2025\/07\/gb2.png\" alt=\"\">\n                            <\/a>\n                        <\/div>\n\t\t\t\t\t                        <div class=\"swiper-slide\">\n                            <a href=\"https:\/\/gruppobeltrame.com\/wp-content\/uploads\/2025\/07\/gb.png\"\n                                data-lightbox=\"lightbox-gallery\">\n                                <img class=\"img-fluid\" style=\"aspect-ratio: 640\/480; object-fit:contain;\"\n                                     src=\"https:\/\/gruppobeltrame.com\/wp-content\/uploads\/2025\/07\/gb.png\" alt=\"\">\n                            <\/a>\n                        <\/div>\n\t\t\t\t\t\n\n                <\/div>\n                <!-- start slider pagination -->\n                <!--<div class=\"swiper-pagination swiper-light-pagination\"><\/div>-->\n                <!-- end slider pagination -->\n                <!-- start slider navigation -->\n                <div class=\"swiper-button-next-nav swiper-button-next rounded-circle slider-navigation-style-07\"><i\n                            class=\"feather icon-feather-arrow-right\"><\/i><\/div>\n                <div class=\"swiper-button-previous-nav swiper-button-prev rounded-circle slider-navigation-style-07\"><i\n                            class=\"feather icon-feather-arrow-left\"><\/i><\/div>\n                <!-- end slider navigation -->\n            <\/div>\n        <\/div>\n\t\t<\/p>\n<p>","protected":false},"excerpt":{"rendered":"<p>Leider ist der Eintrag nur auf Italienisch und Amerikanisches Englisch verf\u00fcgbar. Der Inhalt wird in der Standard-Sprache dieser Website angezeigt. Sie k\u00f6nnen einen Link anklicken, um zu einer anderen verf\u00fcgbaren Sprache zu wechseln. La Fondazione Studi Universitari di Vicenza ha scelto di dedicare, l\u2019anno accademico 2024\/2025 all\u2019ing. Giancarlo Beltrame nel centenario della sua nascita, figura [&hellip;]<\/p>\n","protected":false},"author":180,"featured_media":33063,"comment_status":"closed","ping_status":"closed","sticky":false,"template":"","format":"standard","meta":[],"categories":[14,1],"tags":[],"_links":{"self":[{"href":"https:\/\/gruppobeltrame.com\/de\/wp-json\/wp\/v2\/posts\/33057"}],"collection":[{"href":"https:\/\/gruppobeltrame.com\/de\/wp-json\/wp\/v2\/posts"}],"about":[{"href":"https:\/\/gruppobeltrame.com\/de\/wp-json\/wp\/v2\/types\/post"}],"author":[{"embeddable":true,"href":"https:\/\/gruppobeltrame.com\/de\/wp-json\/wp\/v2\/users\/180"}],"replies":[{"embeddable":true,"href":"https:\/\/gruppobeltrame.com\/de\/wp-json\/wp\/v2\/comments?post=33057"}],"version-history":[{"count":3,"href":"https:\/\/gruppobeltrame.com\/de\/wp-json\/wp\/v2\/posts\/33057\/revisions"}],"predecessor-version":[{"id":33065,"href":"https:\/\/gruppobeltrame.com\/de\/wp-json\/wp\/v2\/posts\/33057\/revisions\/33065"}],"wp:featuredmedia":[{"embeddable":true,"href":"https:\/\/gruppobeltrame.com\/de\/wp-json\/wp\/v2\/media\/33063"}],"wp:attachment":[{"href":"https:\/\/gruppobeltrame.com\/de\/wp-json\/wp\/v2\/media?parent=33057"}],"wp:term":[{"taxonomy":"category","embeddable":true,"href":"https:\/\/gruppobeltrame.com\/de\/wp-json\/wp\/v2\/categories?post=33057"},{"taxonomy":"post_tag","embeddable":true,"href":"https:\/\/gruppobeltrame.com\/de\/wp-json\/wp\/v2\/tags?post=33057"}],"curies":[{"name":"wp","href":"https:\/\/api.w.org\/{rel}","templated":true}]}}