                                                                                                                                                                                                                                                                                                                                                                                                {"id":21675,"date":"2024-02-16T14:42:07","date_gmt":"2024-02-16T13:42:07","guid":{"rendered":"https:\/\/gruppobeltrame.com\/?p=21675"},"modified":"2024-02-19T08:32:03","modified_gmt":"2024-02-19T07:32:03","slug":"studenti-in-visita-presso-lo-stabilimento-di-san-giovanni","status":"publish","type":"post","link":"https:\/\/gruppobeltrame.com\/de\/studenti-in-visita-presso-lo-stabilimento-di-san-giovanni\/","title":{"rendered":"Studenti in visita presso lo stabilimento di San Giovanni"},"content":{"rendered":"<p class=\"qtranxs-available-languages-message qtranxs-available-languages-message-de\">Leider ist der Eintrag nur auf <a href=\"https:\/\/gruppobeltrame.com\/it\/wp-json\/wp\/v2\/posts\/21675\" class=\"qtranxs-available-language-link qtranxs-available-language-link-it\" title=\"IT\">Italienisch<\/a> und <a href=\"https:\/\/gruppobeltrame.com\/en\/wp-json\/wp\/v2\/posts\/21675\" class=\"qtranxs-available-language-link qtranxs-available-language-link-en\" title=\"EN\">Amerikanisches Englisch<\/a> verf\u00fcgbar. Der Inhalt wird in der Standard-Sprache dieser Website angezeigt. Sie k\u00f6nnen einen Link anklicken, um zu einer anderen verf\u00fcgbaren Sprache zu wechseln.<\/p><p> Continuano le attivit\u00e0 di AFV Beltrame Group verso le nuove generazioni! Siamo contenti di aver accolto in visita, presso il nostro stabilimento di San Giovanni Valdarno, gli studenti di 2 classi di meccanica dell\u2019<a href=\"https:\/\/www.linkedin.com\/company\/isis-valdarno\/?lipi=urn%3Ali%3Apage%3Acompanies_company_posts_index%3B997f9e41-b5f6-468f-b307-426c5e1e0cbe\">ISIS &#8222;Valdarno&#8220;<\/a>. <\/p>\n<p>La visita aziendale \u00e8 un\u2019opportunit\u00e0 preziosa per i ragazzi per comprendere il funzionamento del nostro processo produttivo ed esplorare i percorsi di carriera nel nostro settore, in vista dell\u2019attivazione dei PCTO (ex alternanza scuola-lavoro) che ci permetteranno di aiutare a far crescere la prossima generazione di talenti!<\/p>\n\t\n        <div class=\"bs-5\">\n            <div class=\"swiper-container\"\n                 data-slider-options='{ \"slidesPerView\": 1, \"loop\": true, \"pagination\": { \"el\": \".swiper-pagination\", \"clickable\": true }, \"navigation\": { \"nextEl\": \".swiper-button-next-nav\", \"prevEl\": \".swiper-button-previous-nav\" }, \"autoplay\": { \"delay\": 4500, \"disableOnInteraction\": false }, \"keyboard\": { \"enabled\": true, \"onlyInViewport\": true }, \"effect\": \"slide\" }'>\n                <div class=\"swiper-wrapper\">\n\t\t\t\t\t                        <div class=\"swiper-slide\">\n                            <a href=\"https:\/\/gruppobeltrame.com\/wp-content\/uploads\/2024\/02\/Visita-ISIS-VALDARNO-1-scaled.jpg\"\n                                data-lightbox=\"lightbox-gallery\">\n                                <img class=\"img-fluid\" style=\"aspect-ratio: 640\/480; object-fit:contain;\"\n                                     src=\"https:\/\/gruppobeltrame.com\/wp-content\/uploads\/2024\/02\/Visita-ISIS-VALDARNO-1-scaled.jpg\" alt=\"\">\n                            <\/a>\n                        <\/div>\n\t\t\t\t\t                        <div class=\"swiper-slide\">\n                            <a href=\"https:\/\/gruppobeltrame.com\/wp-content\/uploads\/2024\/02\/Classe-5-scaled.jpg\"\n                                data-lightbox=\"lightbox-gallery\">\n                                <img class=\"img-fluid\" style=\"aspect-ratio: 640\/480; object-fit:contain;\"\n                                     src=\"https:\/\/gruppobeltrame.com\/wp-content\/uploads\/2024\/02\/Classe-5-scaled.jpg\" alt=\"\">\n                            <\/a>\n                        <\/div>\n\t\t\t\t\t                        <div class=\"swiper-slide\">\n                            <a href=\"https:\/\/gruppobeltrame.com\/wp-content\/uploads\/2024\/02\/Giro-in-laminatoio-scaled.jpg\"\n                                data-lightbox=\"lightbox-gallery\">\n                                <img class=\"img-fluid\" style=\"aspect-ratio: 640\/480; object-fit:contain;\"\n                                     src=\"https:\/\/gruppobeltrame.com\/wp-content\/uploads\/2024\/02\/Giro-in-laminatoio-scaled.jpg\" alt=\"\">\n                            <\/a>\n                        <\/div>\n\t\t\t\t\t\n\n                <\/div>\n                <!-- start slider pagination -->\n                <!--<div class=\"swiper-pagination swiper-light-pagination\"><\/div>-->\n                <!-- end slider pagination -->\n                <!-- start slider navigation -->\n                <div class=\"swiper-button-next-nav swiper-button-next rounded-circle slider-navigation-style-07\"><i\n                            class=\"feather icon-feather-arrow-right\"><\/i><\/div>\n                <div class=\"swiper-button-previous-nav swiper-button-prev rounded-circle slider-navigation-style-07\"><i\n                            class=\"feather icon-feather-arrow-left\"><\/i><\/div>\n                <!-- end slider navigation -->\n            <\/div>\n        <\/div>\n\t\t\n<p>","protected":false},"excerpt":{"rendered":"<p>Leider ist der Eintrag nur auf Italienisch und Amerikanisches Englisch verf\u00fcgbar. Der Inhalt wird in der Standard-Sprache dieser Website angezeigt. Sie k\u00f6nnen einen Link anklicken, um zu einer anderen verf\u00fcgbaren Sprache zu wechseln. Continuano le attivit\u00e0 di AFV Beltrame Group verso le nuove generazioni! Siamo contenti di aver accolto in visita, presso il nostro stabilimento [&hellip;]<\/p>\n","protected":false},"author":180,"featured_media":21676,"comment_status":"closed","ping_status":"closed","sticky":false,"template":"","format":"standard","meta":[],"categories":[1],"tags":[],"_links":{"self":[{"href":"https:\/\/gruppobeltrame.com\/de\/wp-json\/wp\/v2\/posts\/21675"}],"collection":[{"href":"https:\/\/gruppobeltrame.com\/de\/wp-json\/wp\/v2\/posts"}],"about":[{"href":"https:\/\/gruppobeltrame.com\/de\/wp-json\/wp\/v2\/types\/post"}],"author":[{"embeddable":true,"href":"https:\/\/gruppobeltrame.com\/de\/wp-json\/wp\/v2\/users\/180"}],"replies":[{"embeddable":true,"href":"https:\/\/gruppobeltrame.com\/de\/wp-json\/wp\/v2\/comments?post=21675"}],"version-history":[{"count":3,"href":"https:\/\/gruppobeltrame.com\/de\/wp-json\/wp\/v2\/posts\/21675\/revisions"}],"predecessor-version":[{"id":21722,"href":"https:\/\/gruppobeltrame.com\/de\/wp-json\/wp\/v2\/posts\/21675\/revisions\/21722"}],"wp:featuredmedia":[{"embeddable":true,"href":"https:\/\/gruppobeltrame.com\/de\/wp-json\/wp\/v2\/media\/21676"}],"wp:attachment":[{"href":"https:\/\/gruppobeltrame.com\/de\/wp-json\/wp\/v2\/media?parent=21675"}],"wp:term":[{"taxonomy":"category","embeddable":true,"href":"https:\/\/gruppobeltrame.com\/de\/wp-json\/wp\/v2\/categories?post=21675"},{"taxonomy":"post_tag","embeddable":true,"href":"https:\/\/gruppobeltrame.com\/de\/wp-json\/wp\/v2\/tags?post=21675"}],"curies":[{"name":"wp","href":"https:\/\/api.w.org\/{rel}","templated":true}]}}