                                                                                                                                                                                                                                                                                                                                                                                                {"id":21068,"date":"2024-01-12T14:04:34","date_gmt":"2024-01-12T13:04:34","guid":{"rendered":"https:\/\/gruppobeltrame.com\/?p=21068"},"modified":"2024-01-12T14:04:34","modified_gmt":"2024-01-12T13:04:34","slug":"primo-impianto-fotovoltaico-italiano-nello-stabilimento-di-sgv","status":"publish","type":"post","link":"https:\/\/gruppobeltrame.com\/de\/primo-impianto-fotovoltaico-italiano-nello-stabilimento-di-sgv\/","title":{"rendered":"Primo impianto fotovoltaico italiano nello stabilimento di SGV"},"content":{"rendered":"<p class=\"qtranxs-available-languages-message qtranxs-available-languages-message-de\">Leider ist der Eintrag nur auf <a href=\"https:\/\/gruppobeltrame.com\/it\/wp-json\/wp\/v2\/posts\/21068\" class=\"qtranxs-available-language-link qtranxs-available-language-link-it\" title=\"IT\">Italienisch<\/a> und <a href=\"https:\/\/gruppobeltrame.com\/en\/wp-json\/wp\/v2\/posts\/21068\" class=\"qtranxs-available-language-link qtranxs-available-language-link-en\" title=\"EN\">Amerikanisches Englisch<\/a> verf\u00fcgbar. Der Inhalt wird in der Standard-Sprache dieser Website angezeigt. Sie k\u00f6nnen einen Link anklicken, um zu einer anderen verf\u00fcgbaren Sprache zu wechseln.<\/p><p> Da inizio Gennaio, sui tetti del nostro plant di San Giovanni Valdarno (AR), \u00e8 attivo il primo impianto fotovoltaico dei nostri stabilimenti italiani, destinato all&#8217;autoconsumo, con potenza da 1,6 MW che coprir\u00e0 circa il 20% del fabbisogno elettrico del sito produttivo.<\/p>\n<p>Un ulteriore, concreto, passo del nostro percorso di #decarbonizzazione, per una produzione di #acciaio sempre pi\u00f9 sostenibile.<\/p>\n<p>","protected":false},"excerpt":{"rendered":"<p>Leider ist der Eintrag nur auf Italienisch und Amerikanisches Englisch verf\u00fcgbar. Der Inhalt wird in der Standard-Sprache dieser Website angezeigt. Sie k\u00f6nnen einen Link anklicken, um zu einer anderen verf\u00fcgbaren Sprache zu wechseln. Da inizio Gennaio, sui tetti del nostro plant di San Giovanni Valdarno (AR), \u00e8 attivo il primo impianto fotovoltaico dei nostri stabilimenti [&hellip;]<\/p>\n","protected":false},"author":180,"featured_media":21041,"comment_status":"open","ping_status":"open","sticky":false,"template":"","format":"standard","meta":[],"categories":[1],"tags":[],"_links":{"self":[{"href":"https:\/\/gruppobeltrame.com\/de\/wp-json\/wp\/v2\/posts\/21068"}],"collection":[{"href":"https:\/\/gruppobeltrame.com\/de\/wp-json\/wp\/v2\/posts"}],"about":[{"href":"https:\/\/gruppobeltrame.com\/de\/wp-json\/wp\/v2\/types\/post"}],"author":[{"embeddable":true,"href":"https:\/\/gruppobeltrame.com\/de\/wp-json\/wp\/v2\/users\/180"}],"replies":[{"embeddable":true,"href":"https:\/\/gruppobeltrame.com\/de\/wp-json\/wp\/v2\/comments?post=21068"}],"version-history":[{"count":1,"href":"https:\/\/gruppobeltrame.com\/de\/wp-json\/wp\/v2\/posts\/21068\/revisions"}],"predecessor-version":[{"id":21069,"href":"https:\/\/gruppobeltrame.com\/de\/wp-json\/wp\/v2\/posts\/21068\/revisions\/21069"}],"wp:featuredmedia":[{"embeddable":true,"href":"https:\/\/gruppobeltrame.com\/de\/wp-json\/wp\/v2\/media\/21041"}],"wp:attachment":[{"href":"https:\/\/gruppobeltrame.com\/de\/wp-json\/wp\/v2\/media?parent=21068"}],"wp:term":[{"taxonomy":"category","embeddable":true,"href":"https:\/\/gruppobeltrame.com\/de\/wp-json\/wp\/v2\/categories?post=21068"},{"taxonomy":"post_tag","embeddable":true,"href":"https:\/\/gruppobeltrame.com\/de\/wp-json\/wp\/v2\/tags?post=21068"}],"curies":[{"name":"wp","href":"https:\/\/api.w.org\/{rel}","templated":true}]}}